{"id":247662,"date":"2019-08-18T09:02:25","date_gmt":"2019-08-18T12:02:25","guid":{"rendered":"https:\/\/www.lavras24horas.com.br\/portal\/?p=247662"},"modified":"2019-08-18T11:20:11","modified_gmt":"2019-08-18T14:20:11","slug":"domingo-18-08-2019","status":"publish","type":"post","link":"https:\/\/www.lavras24horas.com.br\/portal\/domingo-18-08-2019\/","title":{"rendered":"Domingo (18\/08\/2019)"},"content":{"rendered":"<p><strong><em>Nome: JAIRO SIDNEY PINTO<\/em><\/strong><\/p>\n<p><em>Velado na capela 02 do Vel\u00f3rio S\u00e3o Jo\u00e3o Batista <\/em><\/p>\n<p><em>Sepultamento dia 18\/08\/2019 \u00e0s 10h<\/em><\/p>\n<p><em>Cemit\u00e9rio Paroquial S\u00e3o Miguel<\/em><\/p>\n<p><em>Fonte: Administra\u00e7\u00e3o dos Cemit\u00e9rios<\/em><\/p>\n<p><strong><em>Nome: MARIA DO CARMO DE OLIVEIRA<\/em><\/strong><\/p>\n<p><em>Velada na capela 03 do Vel\u00f3rio S\u00e3o Jo\u00e3o Batista <\/em><\/p>\n<p><em>Sepultamento dia 18\/08\/2019 \u00e0s 13h<\/em><\/p>\n<p><em>Cemit\u00e9rio Paroquial S\u00e3o Miguel<\/em><\/p>\n<p><em>Fonte: Administra\u00e7\u00e3o dos Cemit\u00e9rios<\/em><\/p>\n<p><strong><em>Nome: MARIA HELENA DA SILVA<\/em><\/strong><\/p>\n<p><em>Velada no Vel\u00f3rio Sagrada Fam\u00edlia<\/em><\/p>\n<p><em>Sepultamento dia 18\/08\/2019 \u00e0s 10h30<\/em><\/p>\n<p><em>Cemit\u00e9rio Paroquial Saudade<\/em><\/p>\n<p><em>Fonte: Administra\u00e7\u00e3o dos Cemit\u00e9rios<\/em><\/p>\n<p><strong><em>Nome: ZULMIRA CANDIDA DOS SANTOS<\/em><\/strong><\/p>\n<p><em>Velada no Vel\u00f3rio Sagrada Fam\u00edlia<\/em><\/p>\n<p><em>Sepultamento dia 19\/08\/2019 \u00e0s 09h<\/em><\/p>\n<p><em>Cemit\u00e9rio Paroquial Saudade<\/em><\/p>\n<p><em>Fonte: Administra\u00e7\u00e3o dos Cemit\u00e9rios<\/em><em>\u00a0<\/em><\/p>\n<p><strong><em>Nome: SEBASTI\u00c3O JOS\u00c9 CLEMENTE<\/em><\/strong><\/p>\n<p><em>Velado no Vel\u00f3rio Sagrada Fam\u00edlia<\/em><\/p>\n<p><em>Sepultamento dia 18\/08\/2019 \u00e0s 16h30<\/em><\/p>\n<p><em>Cemit\u00e9rio Paroquial Saudade<\/em><\/p>\n<p><em>Fonte: Administra\u00e7\u00e3o dos Cemit\u00e9rios<\/em><\/p>\n<p><em>\u00a0<\/em><\/p>\n<p><em>\u00a0<\/em><\/p>\n<p><em>\u00a0<\/em><\/p>\n","protected":false},"excerpt":{"rendered":"<p>Nome: JAIRO SIDNEY PINTO Velado na capela 02 do Vel\u00f3rio S\u00e3o Jo\u00e3o Batista Sepultamento dia 18\/08\/2019 \u00e0s 10h Cemit\u00e9rio Paroquial S\u00e3o Miguel Fonte: Administra\u00e7\u00e3o dos Cemit\u00e9rios Nome: MARIA DO CARMO DE OLIVEIRA Velada na capela 03 do Vel\u00f3rio S\u00e3o Jo\u00e3o Batista Sepultamento dia 18\/08\/2019 \u00e0s 13h Cemit\u00e9rio Paroquial S\u00e3o Miguel Fonte: Administra\u00e7\u00e3o dos Cemit\u00e9rios Nome: [&hellip;]<\/p>\n","protected":false},"author":7,"featured_media":0,"comment_status":"closed","ping_status":"closed","sticky":false,"template":"","format":"standard","meta":{"advanced_seo_description":"","jetpack_seo_html_title":"","jetpack_seo_noindex":false,"_jetpack_memberships_contains_paid_content":false,"footnotes":""},"categories":[1495],"tags":[467,466],"class_list":["post-247662","post","type-post","status-publish","format-standard","hentry","category-obituario-2","tag-automatico","tag-rascunho"],"jetpack_featured_media_url":"","jetpack_sharing_enabled":true,"jetpack_likes_enabled":true,"jetpack_shortlink":"https:\/\/wp.me\/p12djN-12qy","_links":{"self":[{"href":"https:\/\/www.lavras24horas.com.br\/portal\/wp-json\/wp\/v2\/posts\/247662","targetHints":{"allow":["GET"]}}],"collection":[{"href":"https:\/\/www.lavras24horas.com.br\/portal\/wp-json\/wp\/v2\/posts"}],"about":[{"href":"https:\/\/www.lavras24horas.com.br\/portal\/wp-json\/wp\/v2\/types\/post"}],"author":[{"embeddable":true,"href":"https:\/\/www.lavras24horas.com.br\/portal\/wp-json\/wp\/v2\/users\/7"}],"replies":[{"embeddable":true,"href":"https:\/\/www.lavras24horas.com.br\/portal\/wp-json\/wp\/v2\/comments?post=247662"}],"version-history":[{"count":3,"href":"https:\/\/www.lavras24horas.com.br\/portal\/wp-json\/wp\/v2\/posts\/247662\/revisions"}],"predecessor-version":[{"id":247665,"href":"https:\/\/www.lavras24horas.com.br\/portal\/wp-json\/wp\/v2\/posts\/247662\/revisions\/247665"}],"wp:attachment":[{"href":"https:\/\/www.lavras24horas.com.br\/portal\/wp-json\/wp\/v2\/media?parent=247662"}],"wp:term":[{"taxonomy":"category","embeddable":true,"href":"https:\/\/www.lavras24horas.com.br\/portal\/wp-json\/wp\/v2\/categories?post=247662"},{"taxonomy":"post_tag","embeddable":true,"href":"https:\/\/www.lavras24horas.com.br\/portal\/wp-json\/wp\/v2\/tags?post=247662"}],"curies":[{"name":"wp","href":"https:\/\/api.w.org\/{rel}","templated":true}]}}