{"id":247656,"date":"2019-08-17T22:50:55","date_gmt":"2019-08-18T01:50:55","guid":{"rendered":"https:\/\/www.lavras24horas.com.br\/portal\/?p=247656"},"modified":"2019-08-17T22:55:45","modified_gmt":"2019-08-18T01:55:45","slug":"falece-o-contador-jairo-sidney-pinto","status":"publish","type":"post","link":"https:\/\/www.lavras24horas.com.br\/portal\/falece-o-contador-jairo-sidney-pinto\/","title":{"rendered":"Falece o contador Jairo Sidney Pinto"},"content":{"rendered":"<p>&nbsp;<\/p>\n<p>&nbsp;<\/p>\n<p style=\"text-align: justify;\">Faleceu neste sabado, dia 17, o contador lavrense Jairo Sidney Pinto. Ele tinha 91 anos.<\/p>\n<p style=\"text-align: justify;\">Ele era um dos grandes contabilistas da cidade de Lavras, sendo respons\u00e1vel pela escritura\u00e7\u00e3o de empresas como Hotel Mazza e Ford Autom\u00e1quinas.<\/p>\n<p style=\"text-align: justify;\">Ele deixa tr\u00eas filhos e seis netos, sendo um dos netos Ant\u00f4nio Claret de Oliveira J\u00fanior, Diretor da ARSAE-MG e tr\u00eas bisnetos.<\/p>\n<p style=\"text-align: justify;\">Sempre atuante nas a\u00e7\u00f5es da Par\u00f3quia Santo Ant\u00f4nio,\u00a0 Jairo Pinto era muito querido pela comunidade.<\/p>\n<p style=\"text-align: justify;\">O sepultamento est\u00e1 marcado para amanh\u00e3 \u00e0s 10h. Seu corpo est\u00e1 sendo velado no Vel\u00f3rio S\u00e3o Miguel.<\/p>\n<p>&nbsp;<\/p>\n<p>Fonte: Erlan Ara\u00fajo.<\/p>\n","protected":false},"excerpt":{"rendered":"<p>&nbsp; &nbsp; Faleceu neste sabado, dia 17, o contador lavrense Jairo Sidney Pinto. Ele tinha 91 anos. Ele era um dos grandes contabilistas da cidade de Lavras, sendo respons\u00e1vel pela escritura\u00e7\u00e3o de empresas como Hotel Mazza e Ford Autom\u00e1quinas. Ele deixa tr\u00eas filhos e seis netos, sendo um dos netos Ant\u00f4nio Claret de Oliveira J\u00fanior, [&hellip;]<\/p>\n","protected":false},"author":7,"featured_media":247661,"comment_status":"closed","ping_status":"closed","sticky":false,"template":"","format":"standard","meta":{"advanced_seo_description":"","jetpack_seo_html_title":"","jetpack_seo_noindex":false,"_jetpack_memberships_contains_paid_content":false,"footnotes":""},"categories":[12,4],"tags":[467,466],"class_list":["post-247656","post","type-post","status-publish","format-standard","has-post-thumbnail","hentry","category-destaques-1","category-lavras","tag-automatico","tag-rascunho"],"jetpack_featured_media_url":"https:\/\/i0.wp.com\/www.lavras24horas.com.br\/portal\/wp-content\/uploads\/2019\/08\/IMG-20190817-WA0036_1536-2.jpg?fit=991%2C991&ssl=1","jetpack_sharing_enabled":true,"jetpack_likes_enabled":true,"jetpack_shortlink":"https:\/\/wp.me\/p12djN-12qs","_links":{"self":[{"href":"https:\/\/www.lavras24horas.com.br\/portal\/wp-json\/wp\/v2\/posts\/247656","targetHints":{"allow":["GET"]}}],"collection":[{"href":"https:\/\/www.lavras24horas.com.br\/portal\/wp-json\/wp\/v2\/posts"}],"about":[{"href":"https:\/\/www.lavras24horas.com.br\/portal\/wp-json\/wp\/v2\/types\/post"}],"author":[{"embeddable":true,"href":"https:\/\/www.lavras24horas.com.br\/portal\/wp-json\/wp\/v2\/users\/7"}],"replies":[{"embeddable":true,"href":"https:\/\/www.lavras24horas.com.br\/portal\/wp-json\/wp\/v2\/comments?post=247656"}],"version-history":[{"count":1,"href":"https:\/\/www.lavras24horas.com.br\/portal\/wp-json\/wp\/v2\/posts\/247656\/revisions"}],"predecessor-version":[{"id":247659,"href":"https:\/\/www.lavras24horas.com.br\/portal\/wp-json\/wp\/v2\/posts\/247656\/revisions\/247659"}],"wp:featuredmedia":[{"embeddable":true,"href":"https:\/\/www.lavras24horas.com.br\/portal\/wp-json\/wp\/v2\/media\/247661"}],"wp:attachment":[{"href":"https:\/\/www.lavras24horas.com.br\/portal\/wp-json\/wp\/v2\/media?parent=247656"}],"wp:term":[{"taxonomy":"category","embeddable":true,"href":"https:\/\/www.lavras24horas.com.br\/portal\/wp-json\/wp\/v2\/categories?post=247656"},{"taxonomy":"post_tag","embeddable":true,"href":"https:\/\/www.lavras24horas.com.br\/portal\/wp-json\/wp\/v2\/tags?post=247656"}],"curies":[{"name":"wp","href":"https:\/\/api.w.org\/{rel}","templated":true}]}}