{"id":247646,"date":"2019-08-17T16:03:57","date_gmt":"2019-08-17T19:03:57","guid":{"rendered":"https:\/\/www.lavras24horas.com.br\/portal\/?p=247646"},"modified":"2019-08-17T16:03:57","modified_gmt":"2019-08-17T19:03:57","slug":"moradores-enfrentam-rodizio-de-abastecimento-de-agua-em-luminarias","status":"publish","type":"post","link":"https:\/\/www.lavras24horas.com.br\/portal\/moradores-enfrentam-rodizio-de-abastecimento-de-agua-em-luminarias\/","title":{"rendered":"Moradores enfrentam rod\u00edzio de abastecimento de \u00e1gua em Lumin\u00e1rias"},"content":{"rendered":"<div class=\"mc-column content-text active-extra-styles \" data-block-type=\"unstyled\" data-block-weight=\"42\" data-block-id=\"2\">\n<p data-track-category=\"Link no Texto\" data-track-links=\"\">\n<p data-track-category=\"Link no Texto\" data-track-links=\"\">\n<p class=\"content-text__container \" data-track-category=\"Link no Texto\" data-track-links=\"\">Moradores de Lumin\u00e1rias (MG) est\u00e3o enfrentando um rod\u00edzio de abastecimento de \u00e1gua em seis dos 10 bairros desde a quinta-feira (15). O fornecimento de \u00e1gua est\u00e1 sendo interrompido entre 20h e 8h, pelo menos tr\u00eas vezes por semana em bairros alternados.<\/p>\n<\/div>\n<div class=\"wall protected-content\">\n<div class=\"mc-column content-text active-extra-styles \" data-block-type=\"unstyled\" data-block-weight=\"55\" data-block-id=\"3\">\n<p class=\"content-text__container \" style=\"text-align: justify;\" data-track-category=\"Link no Texto\" data-track-links=\"\">A prefeitura diz que a medida \u00e9 preventiva pra n\u00e3o ter racionamento de \u00e1gua na cidade. Isso porque a gente est\u00e1 na \u00e9poca de estiagem e n\u00e3o chove na cidade h\u00e1 muito tempo. No c\u00f3rrego Boa Vista, h\u00e1 v\u00e1rios pontos secos. Segundo a administra\u00e7\u00e3o municipal, quando \u00e9 \u00e9poca de chuva, o c\u00f3rrego chega a transbordar.<\/p>\n<\/div>\n<div class=\"mc-column content-text active-extra-styles \" data-block-type=\"unstyled\" data-block-weight=\"37\" data-block-id=\"4\">\n<p class=\"content-text__container \" style=\"text-align: justify;\" data-track-category=\"Link no Texto\" data-track-links=\"\">Todo abastecimento \u00e9 feito pela prefeitura. A cidade n\u00e3o tem tratamento e por isso moradores t\u00eam \u00e1gua de gra\u00e7a. S\u00f3 que os rod\u00edzios e racionamento n\u00e3o s\u00e3o novidade, j\u00e1 que o problema se arrasta h\u00e1 anos.<\/p>\n<div class=\"mc-column content-text active-extra-styles \" style=\"text-align: justify;\" data-block-type=\"unstyled\" data-block-weight=\"73\" data-block-id=\"7\">\n<p class=\"content-text__container \" data-track-category=\"Link no Texto\" data-track-links=\"\">&#8220;Por ser uma distribui\u00e7\u00e3o gratuita para a popula\u00e7\u00e3o, o fornecimento de \u00e1gua \u00e9 gratuito, a popula\u00e7\u00e3o n\u00e3o paga, consequentemente h\u00e1 muito desperd\u00edcio, acaba que falta realmente, n\u00e3o \u00e9 poss\u00edvel atender a toda popula\u00e7\u00e3o. Nos \u00faltimos anos o munic\u00edpio reativou o po\u00e7o artesiano e tamb\u00e9m construiu, implantou um novo ponto de capta\u00e7\u00e3o de \u00e1gua tamb\u00e9m na regi\u00e3o da Boa Vista&#8221;, disse o secret\u00e1rio municipal de Educa\u00e7\u00e3o, Cultura, Esporte e Lazer, Lincon Daniel de Souza.<\/p>\n<\/div>\n<div class=\"mc-column content-text active-extra-styles \" style=\"text-align: justify;\" data-block-type=\"unstyled\" data-block-weight=\"36\" data-block-id=\"8\">\n<p class=\"content-text__container \" data-track-category=\"Link no Texto\" data-track-links=\"\">Se \u00e9 hora de economizar, na C\u00e2mara Municipal parece que n\u00e3o h\u00e1 preocupa\u00e7\u00e3o. No pr\u00e9dio do Legislativo, a equipe da\u00a0<strong>EPTV Sul de Minas<\/strong>flagrou a cal\u00e7ada molhada e a \u00e1gua indo embora pela rua.<\/p>\n<\/div>\n<div class=\"mc-column content-text active-extra-styles \" style=\"text-align: justify;\" data-block-type=\"unstyled\" data-block-weight=\"65\" data-block-id=\"9\">\n<p class=\"content-text__container \" data-track-category=\"Link no Texto\" data-track-links=\"\">A assessoria da C\u00e2mara de Lumin\u00e1rias informou que a limpeza, que \u00e9 mais pesada, \u00e9 feita de dois em dois meses, segundo eles, para evitar o desperd\u00edcio. E que foi uma coincid\u00eancia a limpeza acontecer justamente nesta sexta-feira, quando a equipe da\u00a0<strong>EPTV\u00a0<\/strong>estava na cidade. Ainda segundo a assessoria, h\u00e1 a preocupa\u00e7\u00e3o, consci\u00eancia com o meio ambiente e o uso sustent\u00e1vel da \u00e1gua.<\/p>\n<\/div>\n<div class=\"mc-column content-text active-extra-styles \" data-block-type=\"unstyled\" data-block-weight=\"43\" data-block-id=\"10\">\n<p class=\"content-text__container \" style=\"text-align: justify;\" data-track-category=\"Link no Texto\" data-track-links=\"\">De acordo com a assessoria de comunica\u00e7\u00e3o da Prefeitura de Lumin\u00e1rias, para resolver os problemas de abastecimento, o Plano Municipal de Saneamento est\u00e1 em constru\u00e7\u00e3o. Ainda n\u00e3o foi definido se o servi\u00e7o continua com a prefeitura ou se ser\u00e1 feito por uma autarquia.<\/p>\n<p data-track-category=\"Link no Texto\" data-track-links=\"\">Fonte: G1<\/p>\n<\/div>\n<\/div>\n<\/div>\n","protected":false},"excerpt":{"rendered":"<p>Moradores de Lumin\u00e1rias (MG) est\u00e3o enfrentando um rod\u00edzio de abastecimento de \u00e1gua em seis dos 10 bairros desde a quinta-feira (15). O fornecimento de \u00e1gua est\u00e1 sendo interrompido entre 20h e 8h, pelo menos tr\u00eas vezes por semana em bairros alternados. A prefeitura diz que a medida \u00e9 preventiva pra n\u00e3o ter racionamento de \u00e1gua [&hellip;]<\/p>\n","protected":false},"author":7,"featured_media":247647,"comment_status":"closed","ping_status":"closed","sticky":false,"template":"","format":"standard","meta":{"advanced_seo_description":"","jetpack_seo_html_title":"","jetpack_seo_noindex":false,"_jetpack_memberships_contains_paid_content":false,"footnotes":""},"categories":[12,79],"tags":[467,466],"class_list":["post-247646","post","type-post","status-publish","format-standard","has-post-thumbnail","hentry","category-destaques-1","category-regiao","tag-automatico","tag-rascunho"],"jetpack_featured_media_url":"https:\/\/i0.wp.com\/www.lavras24horas.com.br\/portal\/wp-content\/uploads\/2019\/08\/luminarias.jpg?fit=500%2C282&ssl=1","jetpack_sharing_enabled":true,"jetpack_likes_enabled":true,"jetpack_shortlink":"https:\/\/wp.me\/p12djN-12qi","_links":{"self":[{"href":"https:\/\/www.lavras24horas.com.br\/portal\/wp-json\/wp\/v2\/posts\/247646","targetHints":{"allow":["GET"]}}],"collection":[{"href":"https:\/\/www.lavras24horas.com.br\/portal\/wp-json\/wp\/v2\/posts"}],"about":[{"href":"https:\/\/www.lavras24horas.com.br\/portal\/wp-json\/wp\/v2\/types\/post"}],"author":[{"embeddable":true,"href":"https:\/\/www.lavras24horas.com.br\/portal\/wp-json\/wp\/v2\/users\/7"}],"replies":[{"embeddable":true,"href":"https:\/\/www.lavras24horas.com.br\/portal\/wp-json\/wp\/v2\/comments?post=247646"}],"version-history":[{"count":1,"href":"https:\/\/www.lavras24horas.com.br\/portal\/wp-json\/wp\/v2\/posts\/247646\/revisions"}],"predecessor-version":[{"id":247648,"href":"https:\/\/www.lavras24horas.com.br\/portal\/wp-json\/wp\/v2\/posts\/247646\/revisions\/247648"}],"wp:featuredmedia":[{"embeddable":true,"href":"https:\/\/www.lavras24horas.com.br\/portal\/wp-json\/wp\/v2\/media\/247647"}],"wp:attachment":[{"href":"https:\/\/www.lavras24horas.com.br\/portal\/wp-json\/wp\/v2\/media?parent=247646"}],"wp:term":[{"taxonomy":"category","embeddable":true,"href":"https:\/\/www.lavras24horas.com.br\/portal\/wp-json\/wp\/v2\/categories?post=247646"},{"taxonomy":"post_tag","embeddable":true,"href":"https:\/\/www.lavras24horas.com.br\/portal\/wp-json\/wp\/v2\/tags?post=247646"}],"curies":[{"name":"wp","href":"https:\/\/api.w.org\/{rel}","templated":true}]}}