{"id":247624,"date":"2019-08-16T12:52:20","date_gmt":"2019-08-16T15:52:20","guid":{"rendered":"https:\/\/www.lavras24horas.com.br\/portal\/?p=247624"},"modified":"2019-08-16T12:52:20","modified_gmt":"2019-08-16T15:52:20","slug":"sem-agua-moradores-usam-redes-sociais-para-cobrar-copasa-sobre-interrupcao-do-servico","status":"publish","type":"post","link":"https:\/\/www.lavras24horas.com.br\/portal\/sem-agua-moradores-usam-redes-sociais-para-cobrar-copasa-sobre-interrupcao-do-servico\/","title":{"rendered":"Sem \u00e1gua, moradores usam redes sociais para cobrar Copasa sobre interrup\u00e7\u00e3o do servi\u00e7o"},"content":{"rendered":"<p>&nbsp;<\/p>\n<p>&nbsp;<\/p>\n<p style=\"text-align: justify;\">Depois de mais de mais 48h de um problema ocorrido no sistema de capta\u00e7\u00e3o de \u00e1gua da Companhia de Abastecimento de Minas Gerais (Copasa), muitas resid\u00eancias de bairros lavrenses continuam sem a normaliza\u00e7\u00e3o do servi\u00e7o.<\/p>\n<p style=\"text-align: justify;\">De acordo com a Copasa, o problema aconteceu na quarta-feira, dia 14, e exigiu uma manobra emergencial que acabou comprometendo o abastecimento dos reservat\u00f3rios da companhia. Com isso, o fornecimento de \u00e1gua foi suspenso.<\/p>\n<p style=\"text-align: justify;\">A previs\u00e3o da empresa era que o sistema voltasse a funcionar na madrugada de quinta para sexta e o reabastecimento normalizado no decorrer do dia de hoje (16). Isso deve acontecer de forma gradativa.<\/p>\n<p style=\"text-align: justify;\">Nas \u00faltimas horas, muitos consumidores usaram as redes sociais para protestarem pela demora na solu\u00e7\u00e3o do problema. \u00a0Houve aumento da procura por \u00e1gua mineral nos supermercados e distribuidoras do produto.<\/p>\n<p>&nbsp;<\/p>\n<p>&nbsp;<\/p>\n","protected":false},"excerpt":{"rendered":"<p>&nbsp; &nbsp; Depois de mais de mais 48h de um problema ocorrido no sistema de capta\u00e7\u00e3o de \u00e1gua da Companhia de Abastecimento de Minas Gerais (Copasa), muitas resid\u00eancias de bairros lavrenses continuam sem a normaliza\u00e7\u00e3o do servi\u00e7o. De acordo com a Copasa, o problema aconteceu na quarta-feira, dia 14, e exigiu uma manobra emergencial que [&hellip;]<\/p>\n","protected":false},"author":7,"featured_media":247625,"comment_status":"closed","ping_status":"closed","sticky":false,"template":"","format":"standard","meta":{"advanced_seo_description":"","jetpack_seo_html_title":"","jetpack_seo_noindex":false,"_jetpack_memberships_contains_paid_content":false,"footnotes":""},"categories":[13077,4],"tags":[467,466],"class_list":["post-247624","post","type-post","status-publish","format-standard","has-post-thumbnail","hentry","category-laterais-2","category-lavras","tag-automatico","tag-rascunho"],"jetpack_featured_media_url":"https:\/\/i0.wp.com\/www.lavras24horas.com.br\/portal\/wp-content\/uploads\/2019\/08\/copasa-oficial-2-Copia.jpg?fit=500%2C281&ssl=1","jetpack_sharing_enabled":true,"jetpack_likes_enabled":true,"jetpack_shortlink":"https:\/\/wp.me\/p12djN-12pW","_links":{"self":[{"href":"https:\/\/www.lavras24horas.com.br\/portal\/wp-json\/wp\/v2\/posts\/247624","targetHints":{"allow":["GET"]}}],"collection":[{"href":"https:\/\/www.lavras24horas.com.br\/portal\/wp-json\/wp\/v2\/posts"}],"about":[{"href":"https:\/\/www.lavras24horas.com.br\/portal\/wp-json\/wp\/v2\/types\/post"}],"author":[{"embeddable":true,"href":"https:\/\/www.lavras24horas.com.br\/portal\/wp-json\/wp\/v2\/users\/7"}],"replies":[{"embeddable":true,"href":"https:\/\/www.lavras24horas.com.br\/portal\/wp-json\/wp\/v2\/comments?post=247624"}],"version-history":[{"count":1,"href":"https:\/\/www.lavras24horas.com.br\/portal\/wp-json\/wp\/v2\/posts\/247624\/revisions"}],"predecessor-version":[{"id":247626,"href":"https:\/\/www.lavras24horas.com.br\/portal\/wp-json\/wp\/v2\/posts\/247624\/revisions\/247626"}],"wp:featuredmedia":[{"embeddable":true,"href":"https:\/\/www.lavras24horas.com.br\/portal\/wp-json\/wp\/v2\/media\/247625"}],"wp:attachment":[{"href":"https:\/\/www.lavras24horas.com.br\/portal\/wp-json\/wp\/v2\/media?parent=247624"}],"wp:term":[{"taxonomy":"category","embeddable":true,"href":"https:\/\/www.lavras24horas.com.br\/portal\/wp-json\/wp\/v2\/categories?post=247624"},{"taxonomy":"post_tag","embeddable":true,"href":"https:\/\/www.lavras24horas.com.br\/portal\/wp-json\/wp\/v2\/tags?post=247624"}],"curies":[{"name":"wp","href":"https:\/\/api.w.org\/{rel}","templated":true}]}}