{"id":247614,"date":"2019-08-16T07:00:33","date_gmt":"2019-08-16T10:00:33","guid":{"rendered":"https:\/\/www.lavras24horas.com.br\/portal\/?p=247614"},"modified":"2019-08-16T12:53:01","modified_gmt":"2019-08-16T15:53:01","slug":"ufla-e-heptacampea-do-atletismo-dos-jogos-universitarios-de-minas-gerais","status":"publish","type":"post","link":"https:\/\/www.lavras24horas.com.br\/portal\/ufla-e-heptacampea-do-atletismo-dos-jogos-universitarios-de-minas-gerais\/","title":{"rendered":"UFLA \u00e9 heptacampe\u00e3 do Atletismo dos Jogos Universit\u00e1rios de Minas Gerais"},"content":{"rendered":"<p>&nbsp;<\/p>\n<p>&nbsp;<\/p>\n<p style=\"text-align: justify;\">A equipe da Universidade Federal de Lavras (UFLA), composta por 15 estudantes do projeto Cria, foi heptacampe\u00e3 no Campeonato Mineiro de Atletismo Universit\u00e1rio da Funda\u00e7\u00e3o Universit\u00e1ria Mineira de Esportes (Fume). O evento foi realizado em Governador Valadares no dia 3 de agosto.<\/p>\n<p style=\"text-align: justify;\">Os atletas da UFLA participaram de mais que duas provas e, alguns entraram em dois revezamentos, muitos fizeram cinco participa\u00e7\u00f5es. Hellen Messias foi destaque na competi\u00e7\u00e3o, ganhando as corridas de 800, 1500 e 5000m. J\u00e1 as heptatletas Ingrid Ellen e Jenifer Vieira alternaram vit\u00f3rias em quase todas as provas\u00a0em que participaram.<\/p>\n<p style=\"text-align: justify;\">Essa competi\u00e7\u00e3o marcou o fim da participa\u00e7\u00e3o em campeonatos estaduais de alguns jovens que est\u00e3o h\u00e1 mais de 10 anos integrados \u00e0 UFLA e do grupo inicial de 2008. \u201cNeste grupo, est\u00e3o universit\u00e1rios que participaram desde jogos escolares e festivais locais de atletismo at\u00e9 competi\u00e7\u00f5es federativas ou universit\u00e1rias internacionais. Al\u00e9m disso, destacamos a maior conquista desses atletas que \u00e9 o ingresso na UFLA, objetivo principal do projeto\u201d, ressalta o professor Fernando de Oliveira, coordenador do CRIA.<\/p>\n<p style=\"text-align: justify;\">As pr\u00f3ximas competi\u00e7\u00f5es importantes s\u00e3o o Tr\u00f3feu Brasil de Atletismo em Bragan\u00e7a Paulista (SP), a maior competi\u00e7\u00e3o nacional de 2019, e os Jogos Universit\u00e1rios Brasileiros (JUBS), em Fortaleza (CE).<\/p>\n<h3 style=\"text-align: justify;\">Em Governador Valadares, a classifica\u00e7\u00e3o final e pontua\u00e7\u00e3o foram:<\/h3>\n<ol style=\"text-align: justify;\">\n<li>UF LAVRAS &#8211; 478 PONTOS<\/li>\n<li>UF MINAS GERAIS \u2013 312 PONTOS<\/li>\n<li>UF UBERL\u00c2NDIA \u2013 130 PONTOS<\/li>\n<li>UF VI\u00c7OSA \u2013 115 \u2013 PONTOS<\/li>\n<li>IF SUDESTE \u2013 101<\/li>\n<li>IF \u2013 BARBACENA &#8211; 18<\/li>\n<\/ol>\n<p style=\"text-align: justify;\"><strong>Divulga\u00e7\u00e3o: Centro Regional de Inicia\u00e7\u00e3o ao Atletismo (CRIA)<\/strong><\/p>\n","protected":false},"excerpt":{"rendered":"<p>&nbsp; &nbsp; A equipe da Universidade Federal de Lavras (UFLA), composta por 15 estudantes do projeto Cria, foi heptacampe\u00e3 no Campeonato Mineiro de Atletismo Universit\u00e1rio da Funda\u00e7\u00e3o Universit\u00e1ria Mineira de Esportes (Fume). O evento foi realizado em Governador Valadares no dia 3 de agosto. Os atletas da UFLA participaram de mais que duas provas e, [&hellip;]<\/p>\n","protected":false},"author":7,"featured_media":247615,"comment_status":"closed","ping_status":"closed","sticky":false,"template":"","format":"standard","meta":{"advanced_seo_description":"","jetpack_seo_html_title":"","jetpack_seo_noindex":false,"_jetpack_memberships_contains_paid_content":false,"footnotes":""},"categories":[14,4],"tags":[467,466],"class_list":["post-247614","post","type-post","status-publish","format-standard","has-post-thumbnail","hentry","category-destaques-2","category-lavras","tag-automatico","tag-rascunho"],"jetpack_featured_media_url":"https:\/\/i0.wp.com\/www.lavras24horas.com.br\/portal\/wp-content\/uploads\/2019\/08\/400_cria.jpg?fit=584%2C400&ssl=1","jetpack_sharing_enabled":true,"jetpack_likes_enabled":true,"jetpack_shortlink":"https:\/\/wp.me\/p12djN-12pM","_links":{"self":[{"href":"https:\/\/www.lavras24horas.com.br\/portal\/wp-json\/wp\/v2\/posts\/247614","targetHints":{"allow":["GET"]}}],"collection":[{"href":"https:\/\/www.lavras24horas.com.br\/portal\/wp-json\/wp\/v2\/posts"}],"about":[{"href":"https:\/\/www.lavras24horas.com.br\/portal\/wp-json\/wp\/v2\/types\/post"}],"author":[{"embeddable":true,"href":"https:\/\/www.lavras24horas.com.br\/portal\/wp-json\/wp\/v2\/users\/7"}],"replies":[{"embeddable":true,"href":"https:\/\/www.lavras24horas.com.br\/portal\/wp-json\/wp\/v2\/comments?post=247614"}],"version-history":[{"count":1,"href":"https:\/\/www.lavras24horas.com.br\/portal\/wp-json\/wp\/v2\/posts\/247614\/revisions"}],"predecessor-version":[{"id":247616,"href":"https:\/\/www.lavras24horas.com.br\/portal\/wp-json\/wp\/v2\/posts\/247614\/revisions\/247616"}],"wp:featuredmedia":[{"embeddable":true,"href":"https:\/\/www.lavras24horas.com.br\/portal\/wp-json\/wp\/v2\/media\/247615"}],"wp:attachment":[{"href":"https:\/\/www.lavras24horas.com.br\/portal\/wp-json\/wp\/v2\/media?parent=247614"}],"wp:term":[{"taxonomy":"category","embeddable":true,"href":"https:\/\/www.lavras24horas.com.br\/portal\/wp-json\/wp\/v2\/categories?post=247614"},{"taxonomy":"post_tag","embeddable":true,"href":"https:\/\/www.lavras24horas.com.br\/portal\/wp-json\/wp\/v2\/tags?post=247614"}],"curies":[{"name":"wp","href":"https:\/\/api.w.org\/{rel}","templated":true}]}}