{"id":247608,"date":"2019-08-16T07:00:09","date_gmt":"2019-08-16T10:00:09","guid":{"rendered":"https:\/\/www.lavras24horas.com.br\/portal\/?p=247608"},"modified":"2019-08-15T15:20:32","modified_gmt":"2019-08-15T18:20:32","slug":"comunidade-de-nossa-senhora-da-gloria-celebrara-festa-de-sua-padroeira","status":"publish","type":"post","link":"https:\/\/www.lavras24horas.com.br\/portal\/comunidade-de-nossa-senhora-da-gloria-celebrara-festa-de-sua-padroeira\/","title":{"rendered":"Comunidade de Nossa Senhora da Gl\u00f3ria celebrar\u00e1 festa de sua padroeira"},"content":{"rendered":"<p>&nbsp;<\/p>\n<p>&nbsp;<\/p>\n<p style=\"text-align: justify;\">A Comunidade de Nossa Senhora da Gl\u00f3ria de Lavras promove entre os dias 9 a 18 de agosto a festa de sua padroeira.<\/p>\n<p style=\"text-align: justify;\">Nesta segunda-feira, dia 18, \u00e0s 19h, haver\u00e1 prociss\u00e3o e missa solene em honra da padroeira com participa\u00e7\u00e3o dos ministros extraordin\u00e1rios da Comunh\u00e3o Eucar\u00edstica,\u00a0 movimentos, pastorais e minist\u00e9rio de m\u00fasica.<\/p>\n","protected":false},"excerpt":{"rendered":"<p>&nbsp; &nbsp; A Comunidade de Nossa Senhora da Gl\u00f3ria de Lavras promove entre os dias 9 a 18 de agosto a festa de sua padroeira. Nesta segunda-feira, dia 18, \u00e0s 19h, haver\u00e1 prociss\u00e3o e missa solene em honra da padroeira com participa\u00e7\u00e3o dos ministros extraordin\u00e1rios da Comunh\u00e3o Eucar\u00edstica,\u00a0 movimentos, pastorais e minist\u00e9rio de m\u00fasica.<\/p>\n","protected":false},"author":7,"featured_media":247609,"comment_status":"closed","ping_status":"closed","sticky":false,"template":"","format":"standard","meta":{"advanced_seo_description":"","jetpack_seo_html_title":"","jetpack_seo_noindex":false,"_jetpack_memberships_contains_paid_content":false,"footnotes":""},"categories":[13077,4],"tags":[467,466],"class_list":["post-247608","post","type-post","status-publish","format-standard","has-post-thumbnail","hentry","category-laterais-2","category-lavras","tag-automatico","tag-rascunho"],"jetpack_featured_media_url":"https:\/\/i0.wp.com\/www.lavras24horas.com.br\/portal\/wp-content\/uploads\/2019\/08\/nossa-senhora-da-gloria-3.jpg?fit=500%2C329&ssl=1","jetpack_sharing_enabled":true,"jetpack_likes_enabled":true,"jetpack_shortlink":"https:\/\/wp.me\/p12djN-12pG","_links":{"self":[{"href":"https:\/\/www.lavras24horas.com.br\/portal\/wp-json\/wp\/v2\/posts\/247608","targetHints":{"allow":["GET"]}}],"collection":[{"href":"https:\/\/www.lavras24horas.com.br\/portal\/wp-json\/wp\/v2\/posts"}],"about":[{"href":"https:\/\/www.lavras24horas.com.br\/portal\/wp-json\/wp\/v2\/types\/post"}],"author":[{"embeddable":true,"href":"https:\/\/www.lavras24horas.com.br\/portal\/wp-json\/wp\/v2\/users\/7"}],"replies":[{"embeddable":true,"href":"https:\/\/www.lavras24horas.com.br\/portal\/wp-json\/wp\/v2\/comments?post=247608"}],"version-history":[{"count":1,"href":"https:\/\/www.lavras24horas.com.br\/portal\/wp-json\/wp\/v2\/posts\/247608\/revisions"}],"predecessor-version":[{"id":247610,"href":"https:\/\/www.lavras24horas.com.br\/portal\/wp-json\/wp\/v2\/posts\/247608\/revisions\/247610"}],"wp:featuredmedia":[{"embeddable":true,"href":"https:\/\/www.lavras24horas.com.br\/portal\/wp-json\/wp\/v2\/media\/247609"}],"wp:attachment":[{"href":"https:\/\/www.lavras24horas.com.br\/portal\/wp-json\/wp\/v2\/media?parent=247608"}],"wp:term":[{"taxonomy":"category","embeddable":true,"href":"https:\/\/www.lavras24horas.com.br\/portal\/wp-json\/wp\/v2\/categories?post=247608"},{"taxonomy":"post_tag","embeddable":true,"href":"https:\/\/www.lavras24horas.com.br\/portal\/wp-json\/wp\/v2\/tags?post=247608"}],"curies":[{"name":"wp","href":"https:\/\/api.w.org\/{rel}","templated":true}]}}