{"id":247602,"date":"2019-08-15T14:52:14","date_gmt":"2019-08-15T17:52:14","guid":{"rendered":"https:\/\/www.lavras24horas.com.br\/portal\/?p=247602"},"modified":"2019-08-15T14:52:14","modified_gmt":"2019-08-15T17:52:14","slug":"pm-contem-adolescente-agitada-dentro-de-escola","status":"publish","type":"post","link":"https:\/\/www.lavras24horas.com.br\/portal\/pm-contem-adolescente-agitada-dentro-de-escola\/","title":{"rendered":"PM cont\u00e9m adolescente agitada dentro de escola"},"content":{"rendered":"<p>&nbsp;<\/p>\n<p>&nbsp;<\/p>\n<p style=\"text-align: justify;\">Quarta-feira (14), \u00e0s 15:55, em Lavras, os militares foram acionados por uma diretora de uma escola estadual, a qual informou que havia flagrado duas adolescentes fazendo uso de maconha no banheiro.<\/p>\n<p style=\"text-align: justify;\">Uma delas, de 16 anos, bastante exaltada, esbo\u00e7ou rea\u00e7\u00e3o violenta aos funcion\u00e1rios da escola, gritando e tumultuando o ambiente escolar.<\/p>\n<div class=\"text_exposed_show\">\n<p style=\"text-align: justify;\">A menina foi contida pela equipe, sendo acionada sua respons\u00e1vel que a acompanhou at\u00e9 a Delegacia.<\/p>\n<p style=\"text-align: justify;\">O fato foi registrado para que medidas sejam tomadas diante da conduta infracional da adolescente.<\/p>\n<p><strong>Fonte: ACO\/8\u00baBPM<\/strong><\/p>\n<\/div>\n","protected":false},"excerpt":{"rendered":"<p>&nbsp; &nbsp; Quarta-feira (14), \u00e0s 15:55, em Lavras, os militares foram acionados por uma diretora de uma escola estadual, a qual informou que havia flagrado duas adolescentes fazendo uso de maconha no banheiro. Uma delas, de 16 anos, bastante exaltada, esbo\u00e7ou rea\u00e7\u00e3o violenta aos funcion\u00e1rios da escola, gritando e tumultuando o ambiente escolar. A menina [&hellip;]<\/p>\n","protected":false},"author":7,"featured_media":247603,"comment_status":"closed","ping_status":"closed","sticky":false,"template":"","format":"standard","meta":{"advanced_seo_description":"","jetpack_seo_html_title":"","jetpack_seo_noindex":false,"_jetpack_memberships_contains_paid_content":false,"footnotes":""},"categories":[13,4],"tags":[467,466],"class_list":["post-247602","post","type-post","status-publish","format-standard","has-post-thumbnail","hentry","category-laterais-1","category-lavras","tag-automatico","tag-rascunho"],"jetpack_featured_media_url":"https:\/\/i0.wp.com\/www.lavras24horas.com.br\/portal\/wp-content\/uploads\/2019\/08\/69263458_1150612625141248_50101600961691648_n.jpg?fit=512%2C340&ssl=1","jetpack_sharing_enabled":true,"jetpack_likes_enabled":true,"jetpack_shortlink":"https:\/\/wp.me\/p12djN-12pA","_links":{"self":[{"href":"https:\/\/www.lavras24horas.com.br\/portal\/wp-json\/wp\/v2\/posts\/247602","targetHints":{"allow":["GET"]}}],"collection":[{"href":"https:\/\/www.lavras24horas.com.br\/portal\/wp-json\/wp\/v2\/posts"}],"about":[{"href":"https:\/\/www.lavras24horas.com.br\/portal\/wp-json\/wp\/v2\/types\/post"}],"author":[{"embeddable":true,"href":"https:\/\/www.lavras24horas.com.br\/portal\/wp-json\/wp\/v2\/users\/7"}],"replies":[{"embeddable":true,"href":"https:\/\/www.lavras24horas.com.br\/portal\/wp-json\/wp\/v2\/comments?post=247602"}],"version-history":[{"count":1,"href":"https:\/\/www.lavras24horas.com.br\/portal\/wp-json\/wp\/v2\/posts\/247602\/revisions"}],"predecessor-version":[{"id":247604,"href":"https:\/\/www.lavras24horas.com.br\/portal\/wp-json\/wp\/v2\/posts\/247602\/revisions\/247604"}],"wp:featuredmedia":[{"embeddable":true,"href":"https:\/\/www.lavras24horas.com.br\/portal\/wp-json\/wp\/v2\/media\/247603"}],"wp:attachment":[{"href":"https:\/\/www.lavras24horas.com.br\/portal\/wp-json\/wp\/v2\/media?parent=247602"}],"wp:term":[{"taxonomy":"category","embeddable":true,"href":"https:\/\/www.lavras24horas.com.br\/portal\/wp-json\/wp\/v2\/categories?post=247602"},{"taxonomy":"post_tag","embeddable":true,"href":"https:\/\/www.lavras24horas.com.br\/portal\/wp-json\/wp\/v2\/tags?post=247602"}],"curies":[{"name":"wp","href":"https:\/\/api.w.org\/{rel}","templated":true}]}}