{"id":247587,"date":"2019-08-15T14:00:32","date_gmt":"2019-08-15T17:00:32","guid":{"rendered":"https:\/\/www.lavras24horas.com.br\/portal\/?p=247587"},"modified":"2019-08-15T10:08:22","modified_gmt":"2019-08-15T13:08:22","slug":"azarias-ribeiro-e-reverenciado-na-15a-mostra-internacional-de-cinema-negro","status":"publish","type":"post","link":"https:\/\/www.lavras24horas.com.br\/portal\/azarias-ribeiro-e-reverenciado-na-15a-mostra-internacional-de-cinema-negro\/","title":{"rendered":"Azarias Ribeiro \u00e9 reverenciado na 15\u00aa Mostra Internacional de Cinema Negro"},"content":{"rendered":"<p>&nbsp;<\/p>\n<p>&nbsp;<\/p>\n<p style=\"text-align: justify;\">Aconteceu na semana de 6 a 11 de agosto, a Mostra Internacional de Cinema Negro, em S\u00e3o Paulo, no SESC da Vila Mariana. A Mostra est\u00e1 em sua 15\u00aa Edi\u00e7\u00e3o anual consecutiva, sendo o debate que privilegia o conhecimento, a afirma\u00e7\u00e3o positiva das minorias, o cinema que inquieta, se descortina como a marca da personalidade da Mostra do Cinema Negro. Segundo seu curador, o antrop\u00f3logo, cineasta, escritor, professor Pesquisador da Universidade Federal de Mato Grosso, Celso Prudente, o Cinema Negro tem uma est\u00e9tica diferente, \u00e9 um olhar diferente porque \u00e9 intuitivo.<\/p>\n<p style=\"text-align: justify;\">Este ano, a 15\u00aa Mostra apresentou filmes que marcaram \u00e9poca e fizeram o diferencial na transi\u00e7\u00e3o do cinema da forma para o cinema de conte\u00fado, como o filme de Haroldo Costa, Pista de Grama (1958), o grande homenageado na solenidade de abertura. Ele nos disse que seu filme foi o caminho para o \u2018Cinema Novo\u2019. Em uma cena, a m\u00fasica Eu n\u00e3o Existo sem Voc\u00ea, de Tom e Vinicius, foi tocada pelo ent\u00e3o jovem Jo\u00e3o Gilberto e cantada por Elizeth Cardoso.<\/p>\n<p style=\"text-align: justify;\">Entre exibi\u00e7\u00f5es de filmes e curtas como Alma no Olho (Z\u00f3zimo Bulbul\/1973), Quest\u00e3o de Justi\u00e7a (Celso Prudente\/2017), Rhoma Acans (Leonor Teles\/2012), O Parto (Celso Lucas e Jos\u00e9 Celso Martinez Correia\/1975), Exu Rei-Abdias Nascimento (B\u00e1rbara Vento\/2017), Barravento (Glauber Rocha\/1961), Orfeu (Carlos Diegues\/1999), Nha Fala (Flora Gomes\/2002), o Document\u00e1rio \u00d4ri de Raquel Gerber\/1989 e o filme que conta a trajet\u00f3ria dos Novos Baianos chamado de Os Filhos de Jo\u00e3o &#8211; O Admir\u00e1vel Mundo Novo por ter sido Jo\u00e3o Gilberto quem \u2018apadrinhou\u2019 em 1970 os Novos Baianos; a programa\u00e7\u00e3o tamb\u00e9m contou com Mesa de Debates e Roda de Conversa.<\/p>\n<p style=\"text-align: justify;\">A professora titular aposentada da UFLA, pesquisadora do Cinema Negro, Cl\u00e1udia Maria Ribeiro, participou da Roda de Conversa: A constru\u00e7\u00e3o da imagem afirmativa do ibero-afro-\u00e1sio-amer\u00edndio, enquanto minoria, o Cinema Negro posto em quest\u00e3o. Em sua fala, a pesquisadora reverenciou o professor, jornalista lavrense Azarias Ribeiro, negro que, no in\u00edcio do s\u00e9culo passado, se fez um vision\u00e1rio na forma\u00e7\u00e3o de professoras e fundador de escolas onde m\u00fasica e teatro fundamentaram a educa\u00e7\u00e3o para ele.<\/p>\n<p style=\"text-align: justify;\">A 15\u00aa Mostra Internacional do Cinema Negro, um projeto de inclus\u00e3o sociocultural da juventude afrodescendente, segundo seu curador, Celso Prudente, lan\u00e7ou este ano uma obra com artigos de cineastas falando sobre seus filmes, acad\u00eamicos, professoras e professores da \u00e1rea do \u00e1udio visual, pesquisadoras e pesquisadores de diversas vertentes que t\u00eam em comum as discuss\u00f5es das minorias, da valoriza\u00e7\u00e3o das identidades negras e diversidade.<\/p>\n<p style=\"text-align: justify;\">A pesquisadora Cl\u00e1udia Ribeiro, participa da obra discorrendo sobre seus estudos e pesquisas por tr\u00eas meses em Sevilha \u2013 Espanha. Seu artigo intitulado: Imagin\u00e1rio das \u00c1guas Andaluzas para surfar pela invisibilidade dos negros e negras de Sevilha, foi apresentado em sua fala, refor\u00e7ando a cria\u00e7\u00e3o de um movimento intempestivo do pensamento e reafirmando os processos hist\u00f3ricos na constru\u00e7\u00e3o de um roteiro que \u00e9 s\u00edmbolo da din\u00e2mica da vida!<\/p>\n<p style=\"text-align: justify;\">Tamb\u00e9m foi homenageada a professora do ITA, F\u00edsica e educadora Dra. S\u00f4nia Guimar\u00e3es por sua imagem de afirma\u00e7\u00e3o positiva de afrodescendentes e de todas as minorias. Ainda no campo das homenagens, aconteceu a entrega \u201cin memorian\u201d do certificado de p\u00f3s doutor ao artista, procurador e jurista Wilson Prudente e nesta solenidade estavam professores e professoras da Escola de Comunica\u00e7\u00e3o e Artes da USP, juristas, conselheiras e conselheiros da OAB\/Rio de Janeiro, C\u00f4nsul de Cabo Verde e representante do consulado da \u00c1frica do Sul, economistas, integrantes do Movimento Negro Unificado, m\u00fasicos, artistas que unindo for\u00e7as e resist\u00eancias afirmam as lutas positivas e reafirmam a hist\u00f3ria.<\/p>\n","protected":false},"excerpt":{"rendered":"<p>&nbsp; &nbsp; Aconteceu na semana de 6 a 11 de agosto, a Mostra Internacional de Cinema Negro, em S\u00e3o Paulo, no SESC da Vila Mariana. A Mostra est\u00e1 em sua 15\u00aa Edi\u00e7\u00e3o anual consecutiva, sendo o debate que privilegia o conhecimento, a afirma\u00e7\u00e3o positiva das minorias, o cinema que inquieta, se descortina como a marca [&hellip;]<\/p>\n","protected":false},"author":7,"featured_media":247588,"comment_status":"closed","ping_status":"closed","sticky":false,"template":"","format":"standard","meta":{"advanced_seo_description":"","jetpack_seo_html_title":"","jetpack_seo_noindex":false,"_jetpack_memberships_contains_paid_content":false,"footnotes":""},"categories":[13077,4],"tags":[467,466],"class_list":["post-247587","post","type-post","status-publish","format-standard","has-post-thumbnail","hentry","category-laterais-2","category-lavras","tag-automatico","tag-rascunho"],"jetpack_featured_media_url":"https:\/\/i0.wp.com\/www.lavras24horas.com.br\/portal\/wp-content\/uploads\/2019\/08\/IMG_5348.jpg?fit=500%2C412&ssl=1","jetpack_sharing_enabled":true,"jetpack_likes_enabled":true,"jetpack_shortlink":"https:\/\/wp.me\/p12djN-12pl","_links":{"self":[{"href":"https:\/\/www.lavras24horas.com.br\/portal\/wp-json\/wp\/v2\/posts\/247587","targetHints":{"allow":["GET"]}}],"collection":[{"href":"https:\/\/www.lavras24horas.com.br\/portal\/wp-json\/wp\/v2\/posts"}],"about":[{"href":"https:\/\/www.lavras24horas.com.br\/portal\/wp-json\/wp\/v2\/types\/post"}],"author":[{"embeddable":true,"href":"https:\/\/www.lavras24horas.com.br\/portal\/wp-json\/wp\/v2\/users\/7"}],"replies":[{"embeddable":true,"href":"https:\/\/www.lavras24horas.com.br\/portal\/wp-json\/wp\/v2\/comments?post=247587"}],"version-history":[{"count":1,"href":"https:\/\/www.lavras24horas.com.br\/portal\/wp-json\/wp\/v2\/posts\/247587\/revisions"}],"predecessor-version":[{"id":247590,"href":"https:\/\/www.lavras24horas.com.br\/portal\/wp-json\/wp\/v2\/posts\/247587\/revisions\/247590"}],"wp:featuredmedia":[{"embeddable":true,"href":"https:\/\/www.lavras24horas.com.br\/portal\/wp-json\/wp\/v2\/media\/247588"}],"wp:attachment":[{"href":"https:\/\/www.lavras24horas.com.br\/portal\/wp-json\/wp\/v2\/media?parent=247587"}],"wp:term":[{"taxonomy":"category","embeddable":true,"href":"https:\/\/www.lavras24horas.com.br\/portal\/wp-json\/wp\/v2\/categories?post=247587"},{"taxonomy":"post_tag","embeddable":true,"href":"https:\/\/www.lavras24horas.com.br\/portal\/wp-json\/wp\/v2\/tags?post=247587"}],"curies":[{"name":"wp","href":"https:\/\/api.w.org\/{rel}","templated":true}]}}