{"id":247584,"date":"2019-08-15T09:55:33","date_gmt":"2019-08-15T12:55:33","guid":{"rendered":"https:\/\/www.lavras24horas.com.br\/portal\/?p=247584"},"modified":"2019-08-15T09:55:33","modified_gmt":"2019-08-15T12:55:33","slug":"bolsonaro-manda-suspender-uso-de-radares-nas-rodovias-federais","status":"publish","type":"post","link":"https:\/\/www.lavras24horas.com.br\/portal\/bolsonaro-manda-suspender-uso-de-radares-nas-rodovias-federais\/","title":{"rendered":"Bolsonaro manda suspender uso de radares nas rodovias federais"},"content":{"rendered":"<p>&nbsp;<\/p>\n<p>&nbsp;<\/p>\n<p style=\"text-align: justify;\">O Presidente da Rep\u00fablica, Jair Bolsonaro, determina ao Minist\u00e9rio da Justi\u00e7a e Seguran\u00e7a P\u00fablica, por meio de despachos publicados hoje (15) no\u00a0<a href=\"http:\/\/www.in.gov.br\/web\/dou\/-\/despachos-do-presidente-da-republica-210740855\" target=\"_blank\" rel=\"noopener noreferrer\"><em>Di\u00e1rio Oficial da Uni\u00e3o<\/em><\/a>, que suspenda o uso de radares &#8220;est\u00e1ticos, m\u00f3veis e port\u00e1teis&#8221; at\u00e9 que o Minist\u00e9rio da Infraestrutura \u201cconclua a reavalia\u00e7\u00e3o da regulamenta\u00e7\u00e3o dos procedimentos de fiscaliza\u00e7\u00e3o eletr\u00f4nica de velocidade em vias p\u00fablicas\u201d.<\/p>\n<p style=\"text-align: justify;\">De acordo com o documento, a medida tem por objetivo \u201cevitar o desvirtuamento do car\u00e1ter pedag\u00f3gico e a utiliza\u00e7\u00e3o meramente arrecadat\u00f3ria dos instrumentos e equipamentos medidores de velocidade\u201d.<\/p>\n<p style=\"text-align: justify;\">O despacho do presidente pede tamb\u00e9m que o minist\u00e9rio \u201cproceda \u00e0 revis\u00e3o dos atos normativos internos que disp\u00f5em sobre a atividade de fiscaliza\u00e7\u00e3o eletr\u00f4nica de velocidade em rodovias e estradas federais pela Pol\u00edcia Rodovi\u00e1ria Federal.<\/p>\n<p style=\"text-align: justify;\">Ao deixar o Pal\u00e1cio da Alvorada, nesta manh\u00e3, Bolsonaro destacou que os radares fixos, aqueles instalados em postes ao lado das rodovias, n\u00e3o entram nessa suspens\u00e3o, pois o governo tem contratos com empresas que operam esses equipamentos. \u201cN\u00e3o vamos alterar contratos\u201d, disse. O presidente j\u00e1 afirmou, entretanto, que a inten\u00e7\u00e3o \u00e9, ao fim do prazo, n\u00e3o renovar esses contratos.<\/p>\n<p>&nbsp;<\/p>\n<p><strong>Fonte: Ag\u00eancia Brasil<\/strong><\/p>\n","protected":false},"excerpt":{"rendered":"<p>&nbsp; &nbsp; O Presidente da Rep\u00fablica, Jair Bolsonaro, determina ao Minist\u00e9rio da Justi\u00e7a e Seguran\u00e7a P\u00fablica, por meio de despachos publicados hoje (15) no\u00a0Di\u00e1rio Oficial da Uni\u00e3o, que suspenda o uso de radares &#8220;est\u00e1ticos, m\u00f3veis e port\u00e1teis&#8221; at\u00e9 que o Minist\u00e9rio da Infraestrutura \u201cconclua a reavalia\u00e7\u00e3o da regulamenta\u00e7\u00e3o dos procedimentos de fiscaliza\u00e7\u00e3o eletr\u00f4nica de velocidade [&hellip;]<\/p>\n","protected":false},"author":7,"featured_media":247585,"comment_status":"closed","ping_status":"closed","sticky":false,"template":"","format":"standard","meta":{"advanced_seo_description":"","jetpack_seo_html_title":"","jetpack_seo_noindex":false,"_jetpack_memberships_contains_paid_content":false,"footnotes":""},"categories":[14],"tags":[467,466],"class_list":["post-247584","post","type-post","status-publish","format-standard","has-post-thumbnail","hentry","category-destaques-2","tag-automatico","tag-rascunho"],"jetpack_featured_media_url":"https:\/\/i0.wp.com\/www.lavras24horas.com.br\/portal\/wp-content\/uploads\/2019\/08\/radar-transito_abr.jpg?fit=500%2C333&ssl=1","jetpack_sharing_enabled":true,"jetpack_likes_enabled":true,"jetpack_shortlink":"https:\/\/wp.me\/p12djN-12pi","_links":{"self":[{"href":"https:\/\/www.lavras24horas.com.br\/portal\/wp-json\/wp\/v2\/posts\/247584","targetHints":{"allow":["GET"]}}],"collection":[{"href":"https:\/\/www.lavras24horas.com.br\/portal\/wp-json\/wp\/v2\/posts"}],"about":[{"href":"https:\/\/www.lavras24horas.com.br\/portal\/wp-json\/wp\/v2\/types\/post"}],"author":[{"embeddable":true,"href":"https:\/\/www.lavras24horas.com.br\/portal\/wp-json\/wp\/v2\/users\/7"}],"replies":[{"embeddable":true,"href":"https:\/\/www.lavras24horas.com.br\/portal\/wp-json\/wp\/v2\/comments?post=247584"}],"version-history":[{"count":1,"href":"https:\/\/www.lavras24horas.com.br\/portal\/wp-json\/wp\/v2\/posts\/247584\/revisions"}],"predecessor-version":[{"id":247586,"href":"https:\/\/www.lavras24horas.com.br\/portal\/wp-json\/wp\/v2\/posts\/247584\/revisions\/247586"}],"wp:featuredmedia":[{"embeddable":true,"href":"https:\/\/www.lavras24horas.com.br\/portal\/wp-json\/wp\/v2\/media\/247585"}],"wp:attachment":[{"href":"https:\/\/www.lavras24horas.com.br\/portal\/wp-json\/wp\/v2\/media?parent=247584"}],"wp:term":[{"taxonomy":"category","embeddable":true,"href":"https:\/\/www.lavras24horas.com.br\/portal\/wp-json\/wp\/v2\/categories?post=247584"},{"taxonomy":"post_tag","embeddable":true,"href":"https:\/\/www.lavras24horas.com.br\/portal\/wp-json\/wp\/v2\/tags?post=247584"}],"curies":[{"name":"wp","href":"https:\/\/api.w.org\/{rel}","templated":true}]}}