{"id":247580,"date":"2019-08-15T09:44:30","date_gmt":"2019-08-15T12:44:30","guid":{"rendered":"https:\/\/www.lavras24horas.com.br\/portal\/?p=247580"},"modified":"2019-08-15T09:44:30","modified_gmt":"2019-08-15T12:44:30","slug":"monumento-da-praca-dr-augusto-silva-e-alvo-de-vandalismo","status":"publish","type":"post","link":"https:\/\/www.lavras24horas.com.br\/portal\/monumento-da-praca-dr-augusto-silva-e-alvo-de-vandalismo\/","title":{"rendered":"Monumento da Pra\u00e7a Dr. Augusto Silva \u00e9 alvo de vandalismo"},"content":{"rendered":"<p>&nbsp;<\/p>\n<p>&nbsp;<\/p>\n<p style=\"text-align: justify;\">O busto dedicado ao m\u00e9dico Dr. Augusto Jos\u00e9 da Silva foi alvo de vandalismo nos \u00faltimos dias. O monumento localizado num dos principais cart\u00f5es-postais da cidade, que leva o seu nome, foi pichado.<\/p>\n<p style=\"text-align: justify;\">A a\u00e7\u00e3o acontece ap\u00f3s a prefeitura realizar uma revitaliza\u00e7\u00e3o do espa\u00e7o nos \u00faltimos meses. O aumento da pr\u00e1tica de vandalismo no local tem crescido nos \u00faltimos anos. A pra\u00e7a \u00e9 tombada pelo Patrim\u00f4nio Hist\u00f3rico e Art\u00edstico Nacional (IPHAN) desde 2006.<\/p>\n<p><img data-recalc-dims=\"1\" fetchpriority=\"high\" decoding=\"async\" data-attachment-id=\"247582\" data-permalink=\"https:\/\/www.lavras24horas.com.br\/portal\/monumento-da-praca-dr-augusto-silva-e-alvo-de-vandalismo\/4e4bce8a-13f4-47e8-8507-caa8672bb95c\/\" data-orig-file=\"https:\/\/i0.wp.com\/www.lavras24horas.com.br\/portal\/wp-content\/uploads\/2019\/08\/4e4bce8a-13f4-47e8-8507-caa8672bb95c.jpg?fit=500%2C375&amp;ssl=1\" data-orig-size=\"500,375\" data-comments-opened=\"0\" data-image-meta=\"{&quot;aperture&quot;:&quot;0&quot;,&quot;credit&quot;:&quot;&quot;,&quot;camera&quot;:&quot;&quot;,&quot;caption&quot;:&quot;&quot;,&quot;created_timestamp&quot;:&quot;0&quot;,&quot;copyright&quot;:&quot;&quot;,&quot;focal_length&quot;:&quot;0&quot;,&quot;iso&quot;:&quot;0&quot;,&quot;shutter_speed&quot;:&quot;0&quot;,&quot;title&quot;:&quot;&quot;,&quot;orientation&quot;:&quot;0&quot;}\" data-image-title=\"4e4bce8a-13f4-47e8-8507-caa8672bb95c\" data-image-description=\"\" data-image-caption=\"\" data-large-file=\"https:\/\/i0.wp.com\/www.lavras24horas.com.br\/portal\/wp-content\/uploads\/2019\/08\/4e4bce8a-13f4-47e8-8507-caa8672bb95c.jpg?fit=440%2C330&amp;ssl=1\" class=\"aligncenter wp-image-247582 size-full\" src=\"https:\/\/i0.wp.com\/www.lavras24horas.com.br\/portal\/wp-content\/uploads\/2019\/08\/4e4bce8a-13f4-47e8-8507-caa8672bb95c.jpg?resize=500%2C375&#038;ssl=1\" alt=\"\" width=\"500\" height=\"375\" srcset=\"https:\/\/i0.wp.com\/www.lavras24horas.com.br\/portal\/wp-content\/uploads\/2019\/08\/4e4bce8a-13f4-47e8-8507-caa8672bb95c.jpg?w=500&amp;ssl=1 500w, https:\/\/i0.wp.com\/www.lavras24horas.com.br\/portal\/wp-content\/uploads\/2019\/08\/4e4bce8a-13f4-47e8-8507-caa8672bb95c.jpg?resize=440%2C330&amp;ssl=1 440w\" sizes=\"(max-width: 500px) 100vw, 500px\" \/><\/p>\n<p style=\"text-align: justify;\">No Brasil, a picha\u00e7\u00e3o \u00e9 considerada vandalismo e crime ambiental, nos termos do artigo 65 da Lei 9.605\/98 (Lei dos Crimes Ambientais), que estipula pena de deten\u00e7\u00e3o de 03 meses a 01 ano, e multa, para quem pichar, grafitar ou por qualquer meio conspurcar edifica\u00e7\u00e3o ou monumento urbano.<\/p>\n<p style=\"text-align: justify;\">Todavia, os ju\u00edzes v\u00eam adotando a aplica\u00e7\u00e3o de penas alternativas, como o fornecimento de cestas b\u00e1sicas a entidades filantr\u00f3picas ou a presta\u00e7\u00e3o de servi\u00e7os comunit\u00e1rios pelo infrator.<\/p>\n","protected":false},"excerpt":{"rendered":"<p>&nbsp; &nbsp; O busto dedicado ao m\u00e9dico Dr. Augusto Jos\u00e9 da Silva foi alvo de vandalismo nos \u00faltimos dias. O monumento localizado num dos principais cart\u00f5es-postais da cidade, que leva o seu nome, foi pichado. A a\u00e7\u00e3o acontece ap\u00f3s a prefeitura realizar uma revitaliza\u00e7\u00e3o do espa\u00e7o nos \u00faltimos meses. O aumento da pr\u00e1tica de vandalismo [&hellip;]<\/p>\n","protected":false},"author":7,"featured_media":247581,"comment_status":"closed","ping_status":"closed","sticky":false,"template":"","format":"standard","meta":{"advanced_seo_description":"","jetpack_seo_html_title":"","jetpack_seo_noindex":false,"_jetpack_memberships_contains_paid_content":false,"footnotes":""},"categories":[12,4],"tags":[467,466],"class_list":["post-247580","post","type-post","status-publish","format-standard","has-post-thumbnail","hentry","category-destaques-1","category-lavras","tag-automatico","tag-rascunho"],"jetpack_featured_media_url":"https:\/\/i0.wp.com\/www.lavras24horas.com.br\/portal\/wp-content\/uploads\/2019\/08\/a903a14a-36cf-4974-a18a-6d4b5cfcae34.jpg?fit=500%2C375&ssl=1","jetpack_sharing_enabled":true,"jetpack_likes_enabled":true,"jetpack_shortlink":"https:\/\/wp.me\/p12djN-12pe","_links":{"self":[{"href":"https:\/\/www.lavras24horas.com.br\/portal\/wp-json\/wp\/v2\/posts\/247580","targetHints":{"allow":["GET"]}}],"collection":[{"href":"https:\/\/www.lavras24horas.com.br\/portal\/wp-json\/wp\/v2\/posts"}],"about":[{"href":"https:\/\/www.lavras24horas.com.br\/portal\/wp-json\/wp\/v2\/types\/post"}],"author":[{"embeddable":true,"href":"https:\/\/www.lavras24horas.com.br\/portal\/wp-json\/wp\/v2\/users\/7"}],"replies":[{"embeddable":true,"href":"https:\/\/www.lavras24horas.com.br\/portal\/wp-json\/wp\/v2\/comments?post=247580"}],"version-history":[{"count":1,"href":"https:\/\/www.lavras24horas.com.br\/portal\/wp-json\/wp\/v2\/posts\/247580\/revisions"}],"predecessor-version":[{"id":247583,"href":"https:\/\/www.lavras24horas.com.br\/portal\/wp-json\/wp\/v2\/posts\/247580\/revisions\/247583"}],"wp:featuredmedia":[{"embeddable":true,"href":"https:\/\/www.lavras24horas.com.br\/portal\/wp-json\/wp\/v2\/media\/247581"}],"wp:attachment":[{"href":"https:\/\/www.lavras24horas.com.br\/portal\/wp-json\/wp\/v2\/media?parent=247580"}],"wp:term":[{"taxonomy":"category","embeddable":true,"href":"https:\/\/www.lavras24horas.com.br\/portal\/wp-json\/wp\/v2\/categories?post=247580"},{"taxonomy":"post_tag","embeddable":true,"href":"https:\/\/www.lavras24horas.com.br\/portal\/wp-json\/wp\/v2\/tags?post=247580"}],"curies":[{"name":"wp","href":"https:\/\/api.w.org\/{rel}","templated":true}]}}