{"id":247565,"date":"2019-08-14T12:50:03","date_gmt":"2019-08-14T15:50:03","guid":{"rendered":"https:\/\/www.lavras24horas.com.br\/portal\/?p=247565"},"modified":"2019-08-14T12:50:03","modified_gmt":"2019-08-14T15:50:03","slug":"lavras-registrara-queda-de-temperaturas-nos-proximos-dias","status":"publish","type":"post","link":"https:\/\/www.lavras24horas.com.br\/portal\/lavras-registrara-queda-de-temperaturas-nos-proximos-dias\/","title":{"rendered":"Lavras registrar\u00e1 queda de temperaturas nos pr\u00f3ximos dias"},"content":{"rendered":"<p>&nbsp;<\/p>\n<p style=\"text-align: justify;\">Depois de um clima quente com ventos nos \u00faltimos dias, o lavrense foi surpreendido pelas baixas temperaturas nesta quarta-feira, dia 14. De acordo com o site Clima Tempo, a m\u00ednima para hoje \u00e9 de 9\u00ba e a m\u00e1xima ser\u00e1 de 25\u00ba. Haver\u00e1 sol com algumas nuvens. N\u00e3o chove.<\/p>\n<p style=\"text-align: justify;\">A previs\u00e3o para esta quinta-feira, dia 15, \u00e9 m\u00ednima ser\u00e1 9\u00ba e m\u00e1xima de 25\u00ba. A previs\u00e3o ser\u00e1 de sol com algumas nuvens. N\u00e3o chove. O clima se mant\u00e9m no final de semana com m\u00ednima de 9\u00ba e m\u00e1xima de 25\u00ba. N\u00e3o chove.<\/p>\n","protected":false},"excerpt":{"rendered":"<p>&nbsp; Depois de um clima quente com ventos nos \u00faltimos dias, o lavrense foi surpreendido pelas baixas temperaturas nesta quarta-feira, dia 14. De acordo com o site Clima Tempo, a m\u00ednima para hoje \u00e9 de 9\u00ba e a m\u00e1xima ser\u00e1 de 25\u00ba. Haver\u00e1 sol com algumas nuvens. N\u00e3o chove. A previs\u00e3o para esta quinta-feira, dia [&hellip;]<\/p>\n","protected":false},"author":7,"featured_media":247087,"comment_status":"closed","ping_status":"closed","sticky":false,"template":"","format":"standard","meta":{"advanced_seo_description":"","jetpack_seo_html_title":"","jetpack_seo_noindex":false,"_jetpack_memberships_contains_paid_content":false,"footnotes":""},"categories":[12,4],"tags":[467,466],"class_list":["post-247565","post","type-post","status-publish","format-standard","has-post-thumbnail","hentry","category-destaques-1","category-lavras","tag-automatico","tag-rascunho"],"jetpack_featured_media_url":"https:\/\/i0.wp.com\/www.lavras24horas.com.br\/portal\/wp-content\/uploads\/2019\/07\/chuva.jpg?fit=512%2C366&ssl=1","jetpack_sharing_enabled":true,"jetpack_likes_enabled":true,"jetpack_shortlink":"https:\/\/wp.me\/p12djN-12oZ","_links":{"self":[{"href":"https:\/\/www.lavras24horas.com.br\/portal\/wp-json\/wp\/v2\/posts\/247565","targetHints":{"allow":["GET"]}}],"collection":[{"href":"https:\/\/www.lavras24horas.com.br\/portal\/wp-json\/wp\/v2\/posts"}],"about":[{"href":"https:\/\/www.lavras24horas.com.br\/portal\/wp-json\/wp\/v2\/types\/post"}],"author":[{"embeddable":true,"href":"https:\/\/www.lavras24horas.com.br\/portal\/wp-json\/wp\/v2\/users\/7"}],"replies":[{"embeddable":true,"href":"https:\/\/www.lavras24horas.com.br\/portal\/wp-json\/wp\/v2\/comments?post=247565"}],"version-history":[{"count":1,"href":"https:\/\/www.lavras24horas.com.br\/portal\/wp-json\/wp\/v2\/posts\/247565\/revisions"}],"predecessor-version":[{"id":247566,"href":"https:\/\/www.lavras24horas.com.br\/portal\/wp-json\/wp\/v2\/posts\/247565\/revisions\/247566"}],"wp:featuredmedia":[{"embeddable":true,"href":"https:\/\/www.lavras24horas.com.br\/portal\/wp-json\/wp\/v2\/media\/247087"}],"wp:attachment":[{"href":"https:\/\/www.lavras24horas.com.br\/portal\/wp-json\/wp\/v2\/media?parent=247565"}],"wp:term":[{"taxonomy":"category","embeddable":true,"href":"https:\/\/www.lavras24horas.com.br\/portal\/wp-json\/wp\/v2\/categories?post=247565"},{"taxonomy":"post_tag","embeddable":true,"href":"https:\/\/www.lavras24horas.com.br\/portal\/wp-json\/wp\/v2\/tags?post=247565"}],"curies":[{"name":"wp","href":"https:\/\/api.w.org\/{rel}","templated":true}]}}