{"id":247560,"date":"2019-08-14T12:32:00","date_gmt":"2019-08-14T15:32:00","guid":{"rendered":"https:\/\/www.lavras24horas.com.br\/portal\/?p=247560"},"modified":"2019-08-14T12:32:00","modified_gmt":"2019-08-14T15:32:00","slug":"ufla-recebe-visita-do-titular-da-secretaria-de-educacao-superior-do-mec","status":"publish","type":"post","link":"https:\/\/www.lavras24horas.com.br\/portal\/ufla-recebe-visita-do-titular-da-secretaria-de-educacao-superior-do-mec\/","title":{"rendered":"UFLA recebe visita do titular da Secretaria de Educa\u00e7\u00e3o Superior do MEC"},"content":{"rendered":"<p>&nbsp;<\/p>\n<p>&nbsp;<\/p>\n<p style=\"text-align: justify;\">A Universidade Federal de Lavras (UFLA) recebeu, nos dias 8 e 9\/8, a visita do titular da Secretaria de Educa\u00e7\u00e3o Superior do Minist\u00e9rio da Educa\u00e7\u00e3o (Sesu\/MEC), Arnaldo Barbosa Lima J\u00fanior.<\/p>\n<p style=\"text-align: justify;\">O reitor da UFLA, professor Jos\u00e9 Roberto Soares Scolforo, agradeceu a presen\u00e7a do secret\u00e1rio, em atendimento \u00e0 demanda apresentada pela Institui\u00e7\u00e3o. No primeiro compromisso com a autoridade, o reitor realizou uma apresenta\u00e7\u00e3o da Universidade que enfatizou o crescimento registrado nos \u00faltimos anos e as demandas, em termos or\u00e7ament\u00e1rios, que o acompanharam.<\/p>\n<p style=\"text-align: justify;\">Foram expostos dados sobre a expans\u00e3o f\u00edsica, a amplia\u00e7\u00e3o do ensino &#8211; nas modalidades de gradua\u00e7\u00e3o e p\u00f3s-gradua\u00e7\u00e3o &#8211; e a mudan\u00e7a do perfil institucional, com a contrata\u00e7\u00e3o de novos servidores e novas modalidades de ingresso de discentes. As necessidades de investimentos e servi\u00e7os geradas para a manuten\u00e7\u00e3o dessa estrutura tamb\u00e9m foram apresentadas. O reitor enfatizou a import\u00e2ncia do cumprimento, pelo MEC, do or\u00e7amento anual previsto para a Universidade, para que os compromissos assumidos sejam saldados.<\/p>\n<p style=\"text-align: justify;\">Scolforo tamb\u00e9m abordou a pol\u00edtica de inova\u00e7\u00e3o da Universidade, destacando o trabalho realizado pelos n\u00facleos e grupos de estudo, bem como pelas empresas juniores. O secret\u00e1rio conferiu, na pr\u00e1tica, uma amostra desse trabalho, em uma exposi\u00e7\u00e3o montada na Ag\u00eancia de Inova\u00e7\u00e3o do Caf\u00e9 (Inova Caf\u00e9).<\/p>\n<p>No dia 9, o secret\u00e1rio conheceu outras iniciativas inovadoras da UFLA, como as pesquisas desenvolvidas no Laborat\u00f3rio de Estudos e Projetos em Manejo Florestal (Lemaf), o Laborat\u00f3rio de Gest\u00e3o de Res\u00edduos e a Esta\u00e7\u00e3o de Tratamento de Efluentes (ETE). Tamb\u00e9m visitou v\u00e1rios projetos em andamento, que aguardam recursos para serem conclu\u00eddos, como o Centro Multiuso e o Parque Tecnol\u00f3gico.<\/p>\n<p>Na avalia\u00e7\u00e3o do secret\u00e1rio, \u201ca UFLA possui um grande potencial na \u00e1rea agr\u00edcola &#8211; que \u00e9 estrat\u00e9gica para a economia brasileira -, al\u00e9m de ser um exemplo inspirador na aproxima\u00e7\u00e3o com o setor privado, na internacionaliza\u00e7\u00e3o, no incentivo ao empreendedorismo e na gest\u00e3o de recursos\u201d. O secret\u00e1rio tamb\u00e9m ficou muito impressionado com a organiza\u00e7\u00e3o da Universidade, a demonstra\u00e7\u00e3o realizada pelos n\u00facleos, grupos de estudo e empresas juniores, e a apresenta\u00e7\u00e3o realizada por professores que j\u00e1 registraram patentes.<\/p>\n<p>Durante a visita, o secret\u00e1rio da Sesu solicitou um espa\u00e7o para apresentar e esclarecer d\u00favidas sobre o Programa Future-se, proposto pelo MEC \u00e0s universidades federais no m\u00eas de julho e aberto \u00e0 consulta p\u00fablica at\u00e9 dia 15\/8.<\/p>\n<p>A apresenta\u00e7\u00e3o foi realizada na tarde do dia 9. Estiveram presentes alunos, docentes t\u00e9cnicos administrativos, entidades representativas desses segmentos da comunidade interna e o\u00a0<a href=\"https:\/\/ufla.br\/noticias\/institucional\/13101-reitor-da-ufla-constitui-grupo-de-trabalho-para-analisar-programa-future-se-proposto-pelo-mec\" target=\"_blank\" rel=\"noopener noreferrer\">Grupo de Trabalho constitu\u00eddo pelo reitor, em julho, para analisar a proposta do Programa Future-se<\/a>. Os participantes puderam fazer perguntas e sugest\u00f5es sobre o programa.<\/p>\n<p>A visita do secret\u00e1rio de Ensino Superior \u00e0 UFLA faz parte da estrat\u00e9gia da Dire\u00e7\u00e3o Executiva de trazer autoridades para conhecer a organiza\u00e7\u00e3o, a gest\u00e3o e a pol\u00edtica de inova\u00e7\u00e3o que tornam a UFLA uma institui\u00e7\u00e3o amplamente qualificada. Dada a intensidade das restri\u00e7\u00f5es or\u00e7ament\u00e1rias,\u00a0especialmente este ano, a Dire\u00e7\u00e3o Executiva planeja trazer outras personalidades ligadas ao governo, \u00e0 iniciativa privada e a outras organiza\u00e7\u00f5es para conhecer o c\u00e2mpus da UFLA, agindo para prover meios que: 1) garantam o funcionamento com qualidade; 2) assegurem que a UFLA continue crescendo e 3) garantam que os benef\u00edcios alcan\u00e7ados sejam, como sempre foi, para todos da Institui\u00e7\u00e3o.<\/p>\n","protected":false},"excerpt":{"rendered":"<p>&nbsp; &nbsp; A Universidade Federal de Lavras (UFLA) recebeu, nos dias 8 e 9\/8, a visita do titular da Secretaria de Educa\u00e7\u00e3o Superior do Minist\u00e9rio da Educa\u00e7\u00e3o (Sesu\/MEC), Arnaldo Barbosa Lima J\u00fanior. O reitor da UFLA, professor Jos\u00e9 Roberto Soares Scolforo, agradeceu a presen\u00e7a do secret\u00e1rio, em atendimento \u00e0 demanda apresentada pela Institui\u00e7\u00e3o. No primeiro [&hellip;]<\/p>\n","protected":false},"author":7,"featured_media":247561,"comment_status":"closed","ping_status":"closed","sticky":false,"template":"","format":"standard","meta":{"advanced_seo_description":"","jetpack_seo_html_title":"","jetpack_seo_noindex":false,"_jetpack_memberships_contains_paid_content":false,"footnotes":""},"categories":[13077,4],"tags":[467,466],"class_list":["post-247560","post","type-post","status-publish","format-standard","has-post-thumbnail","hentry","category-laterais-2","category-lavras","tag-automatico","tag-rascunho"],"jetpack_featured_media_url":"https:\/\/i0.wp.com\/www.lavras24horas.com.br\/portal\/wp-content\/uploads\/2019\/08\/secretario_exposicao1.jpg?fit=600%2C400&ssl=1","jetpack_sharing_enabled":true,"jetpack_likes_enabled":true,"jetpack_shortlink":"https:\/\/wp.me\/p12djN-12oU","_links":{"self":[{"href":"https:\/\/www.lavras24horas.com.br\/portal\/wp-json\/wp\/v2\/posts\/247560","targetHints":{"allow":["GET"]}}],"collection":[{"href":"https:\/\/www.lavras24horas.com.br\/portal\/wp-json\/wp\/v2\/posts"}],"about":[{"href":"https:\/\/www.lavras24horas.com.br\/portal\/wp-json\/wp\/v2\/types\/post"}],"author":[{"embeddable":true,"href":"https:\/\/www.lavras24horas.com.br\/portal\/wp-json\/wp\/v2\/users\/7"}],"replies":[{"embeddable":true,"href":"https:\/\/www.lavras24horas.com.br\/portal\/wp-json\/wp\/v2\/comments?post=247560"}],"version-history":[{"count":1,"href":"https:\/\/www.lavras24horas.com.br\/portal\/wp-json\/wp\/v2\/posts\/247560\/revisions"}],"predecessor-version":[{"id":247562,"href":"https:\/\/www.lavras24horas.com.br\/portal\/wp-json\/wp\/v2\/posts\/247560\/revisions\/247562"}],"wp:featuredmedia":[{"embeddable":true,"href":"https:\/\/www.lavras24horas.com.br\/portal\/wp-json\/wp\/v2\/media\/247561"}],"wp:attachment":[{"href":"https:\/\/www.lavras24horas.com.br\/portal\/wp-json\/wp\/v2\/media?parent=247560"}],"wp:term":[{"taxonomy":"category","embeddable":true,"href":"https:\/\/www.lavras24horas.com.br\/portal\/wp-json\/wp\/v2\/categories?post=247560"},{"taxonomy":"post_tag","embeddable":true,"href":"https:\/\/www.lavras24horas.com.br\/portal\/wp-json\/wp\/v2\/tags?post=247560"}],"curies":[{"name":"wp","href":"https:\/\/api.w.org\/{rel}","templated":true}]}}