{"id":247533,"date":"2019-08-14T07:00:22","date_gmt":"2019-08-14T10:00:22","guid":{"rendered":"https:\/\/www.lavras24horas.com.br\/portal\/?p=247533"},"modified":"2019-08-13T15:31:36","modified_gmt":"2019-08-13T18:31:36","slug":"processo-de-tirar-carteira-de-habilitacao-sofrera-mudancas-em-setembro","status":"publish","type":"post","link":"https:\/\/www.lavras24horas.com.br\/portal\/processo-de-tirar-carteira-de-habilitacao-sofrera-mudancas-em-setembro\/","title":{"rendered":"Processo de tirar carteira de habilita\u00e7\u00e3o sofrer\u00e1 mudan\u00e7as em setembro"},"content":{"rendered":"<p>&nbsp;<\/p>\n<p>&nbsp;<\/p>\n<p style=\"text-align: justify;\">Dentro de pouco mais de um m\u00eas, a partir do dia 16 de setembro de 2019, entrar\u00e1 em vigor a resolu\u00e7\u00e3o do\u00a0Conselho Nacional de Tr\u00e2nsito (Contran) &#8211; publicada em junho deste ano &#8211; que altera algumas das regras para a aquisi\u00e7\u00e3o ou adi\u00e7\u00e3o de categoria na Carteira Nacional de Habilita\u00e7\u00e3o (CNH). Entre as principais mudan\u00e7as est\u00e3o a diminui\u00e7\u00e3o da carga hor\u00e1ria das aulas, a suspens\u00e3o por doze meses das aulas te\u00f3ricas e pr\u00e1ticas para obten\u00e7\u00e3o da\u00a0Autoriza\u00e7\u00e3o para Conduzir Ciclomotor (ACC) e o fim da obrigatoriedade do simulador de dire\u00e7\u00e3o na categoria B (carro).<\/p>\n<div id=\"ad-inpost-1\" style=\"text-align: justify;\" data-google-query-id=\"CM7tzf62gOQCFcNgwQodObIPCA\">\n<div id=\"google_ads_iframe_\/1368806\/horizontes_1__container__\" style=\"text-align: justify;\">Diante disso, a Pol\u00edcia Civil de Minas Gerais (PC) divulgou uma nota para esclarecer o que ser\u00e1 modificado com as novas normas. Segundo a institui\u00e7\u00e3o, muitos candidatos \u00e0 habilita\u00e7\u00e3o decidiram aguardar a vig\u00eancia\u00a0\u00a0das novas regras para iniciarem o processo, por\u00e9m, isso n\u00e3o \u00e9 neces\u00e1rio esperar para se inscrecer em um Centro de Forma\u00e7\u00e3o de Condutores (CFC).<\/div>\n<\/div>\n<p style=\"text-align: justify;\">&#8220;O sistema ser\u00e1 adaptado para que, a partir do dia 16 de setembro, todas as mudan\u00e7as sejam v\u00e1lidas mesmo para quem j\u00e1 iniciou o processo. Portanto, aqueles alunos que j\u00e1 tiverem cumprido a carga hor\u00e1ria exigida pela Resolu\u00e7\u00e3o 778 do Contran estar\u00e3o aptos a realizar a prova de dire\u00e7\u00e3o, e aqueles que estiverem fazendo as aulas pr\u00e1ticas dever\u00e3o apenas complementar as horas exigidas pela nova regra&#8221;, explica a delegada Fl\u00e1via Portes, chefe da Divis\u00e3o de Habilita\u00e7\u00e3o do Departamento de Tr\u00e2nsito de Minas Gerais (Detran-MG).<\/p>\n<p style=\"text-align: justify;\">A PC explica ainda que o\u00a0simulador de dire\u00e7\u00e3o para categoria B, que era obrigat\u00f3rio desde 2016, passou\u00a0a ser considerado facultativo. Com isso,\u00a0houve redu\u00e7\u00e3o de cinco horas para as aulas pr\u00e1ticas na categoria, que passa a ter a mesma carga hor\u00e1ria que a categoria A (motocicleta), que \u00e9 de\u00a020 horas\/aula, no m\u00ednimo. Entretanto, se o candidato optar pelo uso do simulador, poder\u00e3o ser feitas\u00a0at\u00e9 cinco aulas no equipamento\u00a0e as demais 15 horas de curso acontecer\u00e3o\u00a0no autom\u00f3vel.<\/p>\n<p style=\"text-align: justify;\"><strong>Aulas noturnas e ACC<\/strong><\/p>\n<p style=\"text-align: justify;\">Outra altera\u00e7\u00e3o \u00e9 com rela\u00e7\u00e3o \u00e0s aulas noturnas. Agora \u00e9 exigida\u00a0uma hora\/aula pr\u00e1tica durante a noite para alunos em forma\u00e7\u00e3o para conduzir motos, carros ou ciclomotores.<\/p>\n<p style=\"text-align: justify;\">Por fim, a resulu\u00e7\u00e3o do Contran prev\u00ea ainda que aqueles que desejarem obter a ACC, que permite a condu\u00e7\u00e3o das chamadas &#8220;cinquentinhas&#8221;, poder\u00e3o fazer durante o per\u00edodo de um ano apenas as provas te\u00f3rica e pr\u00e1tica, sem a necessidade de frequentar aulas. Entretanto, se for reprovado, as aulas pr\u00e1ticas passam a ser exigidas. Passado o per\u00edodo de um ano, a carga hor\u00e1ria para tirar a ACC passa de 20 horas para 5 horas e poder\u00e3o ser feitas no ciclomotor do aluno.<\/p>\n<p style=\"text-align: justify;\">Fonte: Hoje em Dia<\/p>\n<p style=\"text-align: justify;\">\n","protected":false},"excerpt":{"rendered":"<p>&nbsp; &nbsp; Dentro de pouco mais de um m\u00eas, a partir do dia 16 de setembro de 2019, entrar\u00e1 em vigor a resolu\u00e7\u00e3o do\u00a0Conselho Nacional de Tr\u00e2nsito (Contran) &#8211; publicada em junho deste ano &#8211; que altera algumas das regras para a aquisi\u00e7\u00e3o ou adi\u00e7\u00e3o de categoria na Carteira Nacional de Habilita\u00e7\u00e3o (CNH). Entre as [&hellip;]<\/p>\n","protected":false},"author":7,"featured_media":247534,"comment_status":"closed","ping_status":"closed","sticky":false,"template":"","format":"standard","meta":{"advanced_seo_description":"","jetpack_seo_html_title":"","jetpack_seo_noindex":false,"_jetpack_memberships_contains_paid_content":false,"footnotes":""},"categories":[12,4],"tags":[467,466],"class_list":["post-247533","post","type-post","status-publish","format-standard","has-post-thumbnail","hentry","category-destaques-1","category-lavras","tag-automatico","tag-rascunho"],"jetpack_featured_media_url":"https:\/\/i0.wp.com\/www.lavras24horas.com.br\/portal\/wp-content\/uploads\/2019\/08\/image.jpg?fit=653%2C435&ssl=1","jetpack_sharing_enabled":true,"jetpack_likes_enabled":true,"jetpack_shortlink":"https:\/\/wp.me\/p12djN-12ot","_links":{"self":[{"href":"https:\/\/www.lavras24horas.com.br\/portal\/wp-json\/wp\/v2\/posts\/247533","targetHints":{"allow":["GET"]}}],"collection":[{"href":"https:\/\/www.lavras24horas.com.br\/portal\/wp-json\/wp\/v2\/posts"}],"about":[{"href":"https:\/\/www.lavras24horas.com.br\/portal\/wp-json\/wp\/v2\/types\/post"}],"author":[{"embeddable":true,"href":"https:\/\/www.lavras24horas.com.br\/portal\/wp-json\/wp\/v2\/users\/7"}],"replies":[{"embeddable":true,"href":"https:\/\/www.lavras24horas.com.br\/portal\/wp-json\/wp\/v2\/comments?post=247533"}],"version-history":[{"count":1,"href":"https:\/\/www.lavras24horas.com.br\/portal\/wp-json\/wp\/v2\/posts\/247533\/revisions"}],"predecessor-version":[{"id":247535,"href":"https:\/\/www.lavras24horas.com.br\/portal\/wp-json\/wp\/v2\/posts\/247533\/revisions\/247535"}],"wp:featuredmedia":[{"embeddable":true,"href":"https:\/\/www.lavras24horas.com.br\/portal\/wp-json\/wp\/v2\/media\/247534"}],"wp:attachment":[{"href":"https:\/\/www.lavras24horas.com.br\/portal\/wp-json\/wp\/v2\/media?parent=247533"}],"wp:term":[{"taxonomy":"category","embeddable":true,"href":"https:\/\/www.lavras24horas.com.br\/portal\/wp-json\/wp\/v2\/categories?post=247533"},{"taxonomy":"post_tag","embeddable":true,"href":"https:\/\/www.lavras24horas.com.br\/portal\/wp-json\/wp\/v2\/tags?post=247533"}],"curies":[{"name":"wp","href":"https:\/\/api.w.org\/{rel}","templated":true}]}}