{"id":242626,"date":"2019-03-11T08:31:51","date_gmt":"2019-03-11T11:31:51","guid":{"rendered":"https:\/\/www.lavras24horas.com.br\/portal\/?p=242626"},"modified":"2019-03-11T08:31:51","modified_gmt":"2019-03-11T11:31:51","slug":"inscricoes-para-o-projeto-ballet-municipal-vao-ate-sexta-feira-15-3","status":"publish","type":"post","link":"https:\/\/www.lavras24horas.com.br\/portal\/inscricoes-para-o-projeto-ballet-municipal-vao-ate-sexta-feira-15-3\/","title":{"rendered":"Inscri\u00e7\u00f5es para o Projeto Ballet Municipal v\u00e3o at\u00e9 sexta-feira (15\/3)"},"content":{"rendered":"<p>O Projeto Ballet Municipal est\u00e1 com inscri\u00e7\u00f5es abertas at\u00e9 o dia 15 de Mar\u00e7o, pr\u00f3xima sexta-feira. Agora, as aulas ser\u00e3o na SELT, segunda e quarta \u00e0s 9h e ter\u00e7a e quinta \u00e0s 14h. Podem participar crian\u00e7as de 7 a 12 anos.<\/p>\n<p>O projeto\u00a0 teve in\u00edcio em 2017 com aulas gratuitas, al\u00e9m disso, os alunos recebem orienta\u00e7\u00f5es sobre alimenta\u00e7\u00e3o, higiene, etiqueta social, sem falar dos benef\u00edcios que a pr\u00f3pria dan\u00e7a traz como postura, desenvoltura, coordena\u00e7\u00e3o motora, condicionamento f\u00edsico e disciplina.<\/p>\n<p>Mais informa\u00e7\u00f5es durante as aulas ou pelo telefone 3694-4153.<\/p>\n","protected":false},"excerpt":{"rendered":"<p>O Projeto Ballet Municipal est\u00e1 com inscri\u00e7\u00f5es abertas at\u00e9 o dia 15 de Mar\u00e7o, pr\u00f3xima sexta-feira. Agora, as aulas ser\u00e3o na SELT, segunda e quarta \u00e0s 9h e ter\u00e7a e quinta \u00e0s 14h. Podem participar crian\u00e7as de 7 a 12 anos. O projeto\u00a0 teve in\u00edcio em 2017 com aulas gratuitas, al\u00e9m disso, os alunos recebem [&hellip;]<\/p>\n","protected":false},"author":7,"featured_media":242627,"comment_status":"closed","ping_status":"closed","sticky":false,"template":"","format":"standard","meta":{"advanced_seo_description":"","jetpack_seo_html_title":"","jetpack_seo_noindex":false,"_jetpack_memberships_contains_paid_content":false,"footnotes":""},"categories":[13,4],"tags":[467,466],"class_list":["post-242626","post","type-post","status-publish","format-standard","has-post-thumbnail","hentry","category-laterais-1","category-lavras","tag-automatico","tag-rascunho"],"jetpack_featured_media_url":"https:\/\/i0.wp.com\/www.lavras24horas.com.br\/portal\/wp-content\/uploads\/2019\/03\/53701964_833528720342287_2840593921061421056_n.jpg?fit=960%2C540&ssl=1","jetpack_sharing_enabled":true,"jetpack_likes_enabled":true,"jetpack_shortlink":"https:\/\/wp.me\/p12djN-117k","_links":{"self":[{"href":"https:\/\/www.lavras24horas.com.br\/portal\/wp-json\/wp\/v2\/posts\/242626","targetHints":{"allow":["GET"]}}],"collection":[{"href":"https:\/\/www.lavras24horas.com.br\/portal\/wp-json\/wp\/v2\/posts"}],"about":[{"href":"https:\/\/www.lavras24horas.com.br\/portal\/wp-json\/wp\/v2\/types\/post"}],"author":[{"embeddable":true,"href":"https:\/\/www.lavras24horas.com.br\/portal\/wp-json\/wp\/v2\/users\/7"}],"replies":[{"embeddable":true,"href":"https:\/\/www.lavras24horas.com.br\/portal\/wp-json\/wp\/v2\/comments?post=242626"}],"version-history":[{"count":1,"href":"https:\/\/www.lavras24horas.com.br\/portal\/wp-json\/wp\/v2\/posts\/242626\/revisions"}],"predecessor-version":[{"id":242628,"href":"https:\/\/www.lavras24horas.com.br\/portal\/wp-json\/wp\/v2\/posts\/242626\/revisions\/242628"}],"wp:featuredmedia":[{"embeddable":true,"href":"https:\/\/www.lavras24horas.com.br\/portal\/wp-json\/wp\/v2\/media\/242627"}],"wp:attachment":[{"href":"https:\/\/www.lavras24horas.com.br\/portal\/wp-json\/wp\/v2\/media?parent=242626"}],"wp:term":[{"taxonomy":"category","embeddable":true,"href":"https:\/\/www.lavras24horas.com.br\/portal\/wp-json\/wp\/v2\/categories?post=242626"},{"taxonomy":"post_tag","embeddable":true,"href":"https:\/\/www.lavras24horas.com.br\/portal\/wp-json\/wp\/v2\/tags?post=242626"}],"curies":[{"name":"wp","href":"https:\/\/api.w.org\/{rel}","templated":true}]}}