{"id":234078,"date":"2018-07-02T17:22:16","date_gmt":"2018-07-02T20:22:16","guid":{"rendered":"http:\/\/www.lavras24horas.com.br\/portal\/?p=234078"},"modified":"2018-07-02T17:22:16","modified_gmt":"2018-07-02T20:22:16","slug":"policia-militar-apreende-suspeito-de-cometer-homicidio-em-lavras","status":"publish","type":"post","link":"https:\/\/www.lavras24horas.com.br\/portal\/policia-militar-apreende-suspeito-de-cometer-homicidio-em-lavras\/","title":{"rendered":"Policia Militar apreende suspeito de cometer homic\u00eddio em Lavras"},"content":{"rendered":"<div class=\"cx\">\n<p style=\"text-align: justify;\">Na ultima sexta-feira (29), \u00e0s 21:24, em Lavras, os militares compareceram \u00e0 Rua Maria Severo de Oliveira, Bairro Vila Bandeirantes, onde segundo informa\u00e7\u00f5es, um homem teria sido baleado e estaria ca\u00eddo ao solo.<\/p>\n<p>Uma equipe do Corpo de Bombeiros tamb\u00e9m esteve no local e constataram que a v\u00edtima, um rapaz de 19 anos, j\u00e1 n\u00e3o apresentava os sinais vitais, sendo ent\u00e3o acionada a per\u00edcia t\u00e9cnica e o servi\u00e7o funeral.<\/p>\n<p>Populares informaram que ap\u00f3s ouvirem o barulho dos tiros, ouviram uma motocicleta acelerando e saindo em disparada pela Rua Aristides Andr\u00e9.<\/p>\n<p>Tamb\u00e9m deram conta que a v\u00edtima, desde que saiu do pres\u00eddio, estava em atrito com um rapaz, 18 anos, pois tentava a todo custo recuperar o ponto de venda de drogas que atualmente seria ocupado pelo rapaz.<\/p>\n<p>A m\u00e3e da v\u00edtima informou que no dia anterior ele e o rapaz haviam tido uma briga pelo ponto de venda de drogas e ambos teriam proferido amea\u00e7as de morte.<\/p>\n<p>Os militares ent\u00e3o encontraram o suspeito, o qual caiu em contradi\u00e7\u00e3o sobre onde se encontrava no momento dos fatos, sendo conduzido at\u00e9 a Delegacia para maiores esclarecimentos.<\/p>\n<p>Os militares prosseguem em dilig\u00eancias pelo levantamento de informa\u00e7\u00f5es que possam certificar a autoria do crime bem como apreender a arma utilizada.<\/p>\n<p>Havendo informa\u00e7\u00f5es, repasse-as no disque den\u00fancia, no 181. Seu anonimato \u00e9 garantido.\n<\/p>\n<\/div>\n<p class=\"tc\" style=\"text-align: justify;\">Autor: ACO\/8\u00b0BPM<\/p>\n","protected":false},"excerpt":{"rendered":"<p>Na ultima sexta-feira (29), \u00e0s 21:24, em Lavras, os militares compareceram \u00e0 Rua Maria Severo de Oliveira, Bairro Vila Bandeirantes, onde segundo informa\u00e7\u00f5es, um homem teria sido baleado e estaria ca\u00eddo ao solo. Uma equipe do Corpo de Bombeiros tamb\u00e9m esteve no local e constataram que a v\u00edtima, um rapaz de 19 anos, j\u00e1 n\u00e3o [&hellip;]<\/p>\n","protected":false},"author":7,"featured_media":228913,"comment_status":"closed","ping_status":"closed","sticky":false,"template":"","format":"standard","meta":{"advanced_seo_description":"","jetpack_seo_html_title":"","jetpack_seo_noindex":false,"_jetpack_memberships_contains_paid_content":false,"footnotes":""},"categories":[14,4,79],"tags":[732,3023,1127,169,649,180,434],"class_list":["post-234078","post","type-post","status-publish","format-standard","has-post-thumbnail","hentry","category-destaques-2","category-lavras","category-regiao","tag-apreende","tag-cometer","tag-homicidio","tag-lavras-2","tag-militar","tag-policia","tag-suspeito"],"jetpack_featured_media_url":"https:\/\/i0.wp.com\/www.lavras24horas.com.br\/portal\/wp-content\/uploads\/2018\/02\/plantao-lavras-24-horas-500x330.jpg?fit=500%2C330&ssl=1","jetpack_sharing_enabled":true,"jetpack_likes_enabled":true,"_links":{"self":[{"href":"https:\/\/www.lavras24horas.com.br\/portal\/wp-json\/wp\/v2\/posts\/234078","targetHints":{"allow":["GET"]}}],"collection":[{"href":"https:\/\/www.lavras24horas.com.br\/portal\/wp-json\/wp\/v2\/posts"}],"about":[{"href":"https:\/\/www.lavras24horas.com.br\/portal\/wp-json\/wp\/v2\/types\/post"}],"author":[{"embeddable":true,"href":"https:\/\/www.lavras24horas.com.br\/portal\/wp-json\/wp\/v2\/users\/7"}],"replies":[{"embeddable":true,"href":"https:\/\/www.lavras24horas.com.br\/portal\/wp-json\/wp\/v2\/comments?post=234078"}],"version-history":[{"count":1,"href":"https:\/\/www.lavras24horas.com.br\/portal\/wp-json\/wp\/v2\/posts\/234078\/revisions"}],"predecessor-version":[{"id":234080,"href":"https:\/\/www.lavras24horas.com.br\/portal\/wp-json\/wp\/v2\/posts\/234078\/revisions\/234080"}],"wp:featuredmedia":[{"embeddable":true,"href":"https:\/\/www.lavras24horas.com.br\/portal\/wp-json\/wp\/v2\/media\/228913"}],"wp:attachment":[{"href":"https:\/\/www.lavras24horas.com.br\/portal\/wp-json\/wp\/v2\/media?parent=234078"}],"wp:term":[{"taxonomy":"category","embeddable":true,"href":"https:\/\/www.lavras24horas.com.br\/portal\/wp-json\/wp\/v2\/categories?post=234078"},{"taxonomy":"post_tag","embeddable":true,"href":"https:\/\/www.lavras24horas.com.br\/portal\/wp-json\/wp\/v2\/tags?post=234078"}],"curies":[{"name":"wp","href":"https:\/\/api.w.org\/{rel}","templated":true}]}}