{"id":233508,"date":"2018-06-14T09:43:51","date_gmt":"2018-06-14T12:43:51","guid":{"rendered":"http:\/\/www.lavras24horas.com.br\/portal\/?p=233508"},"modified":"2018-06-14T09:43:51","modified_gmt":"2018-06-14T12:43:51","slug":"policia-militar-de-lavras-procura-por-suspeito-de-homicidio","status":"publish","type":"post","link":"https:\/\/www.lavras24horas.com.br\/portal\/policia-militar-de-lavras-procura-por-suspeito-de-homicidio\/","title":{"rendered":"Pol\u00edcia Militar de Lavras procura por suspeito de homic\u00eddio"},"content":{"rendered":"<p>&nbsp;<\/p>\n<p style=\"text-align: justify;\">Quarta-feira (13), \u00e0s 17:49, em Lavras, os militares compareceram na Rua Gil de Souza Andrade, bairro Jardim Bela Vista, onde realizaram contato com a testemunha, 33 anos, a qual informou que seu irm\u00e3o, 38 anos, teria deixado os filhos dele em sua resid\u00eancia por volta de 02h da madrugada e, j\u00e1 durante a tarde, percebendo que as crian\u00e7as precisavam de trocar as roupas e tomar banho, direcionou-se \u00e0 sua casa do irm\u00e3o, momento em que uma das crian\u00e7as, de apenas 10 anos, ao entrar na resid\u00eancia, deparou com sua m\u00e3e, 35 anos, ferida e desacordada sobre a cama.<\/p>\n<p style=\"text-align: justify;\">No local os militares constataram que corpo come\u00e7ava a apresentar rigidez cadav\u00e9rica, motivo pelo qual foi acionada a per\u00edcia. Durante os trabalhos periciais, foi poss\u00edvel detectar que a v\u00edtima havia sofrido diversos golpes com um instrumento cortante, provavelmente um fac\u00e3o, encontrado na sala da casa.<\/p>\n<p style=\"text-align: justify;\">Foram repassadas informa\u00e7\u00f5es de que na noite do dia anterior (12), o suspeito do crime, 38 anos, teria ficado sabendo de um relacionamento extraconjugal que a v\u00edtima possu\u00eda, sendo que ap\u00f3s brigar com o suposto envolvido, este teria se dirigido at\u00e9 a resid\u00eancia onde morava com a v\u00edtima.<\/p>\n<p style=\"text-align: justify;\">Ainda segundo informa\u00e7\u00f5es, o suspeito teria sido visto na rua se despedindo de diversas pessoas afirmando que n\u00e3o mais seria visto, contudo ningu\u00e9m desconfiava do que teria ocorrido.<\/p>\n<p style=\"text-align: justify;\">Os militares iniciaram o rastreamento com a finalidade de localiz\u00e1-lo, sendo que este prossegue at\u00e9 o presente momento. Havendo informa\u00e7\u00f5es sobre seu paradeiro, denuncie atrav\u00e9s do telefone 181. A liga\u00e7\u00e3o ser\u00e1 an\u00f4nima.<\/p>\n<p style=\"text-align: justify;\">Fonte: Pol\u00edcia Militar de Lavras<\/p>\n","protected":false},"excerpt":{"rendered":"<p>&nbsp; Quarta-feira (13), \u00e0s 17:49, em Lavras, os militares compareceram na Rua Gil de Souza Andrade, bairro Jardim Bela Vista, onde realizaram contato com a testemunha, 33 anos, a qual informou que seu irm\u00e3o, 38 anos, teria deixado os filhos dele em sua resid\u00eancia por volta de 02h da madrugada e, j\u00e1 durante a tarde, [&hellip;]<\/p>\n","protected":false},"author":7,"featured_media":233509,"comment_status":"closed","ping_status":"closed","sticky":false,"template":"","format":"standard","meta":{"advanced_seo_description":"","jetpack_seo_html_title":"","jetpack_seo_noindex":false,"_jetpack_memberships_contains_paid_content":false,"footnotes":""},"categories":[14,4],"tags":[1127,169,649,180,558,434],"class_list":["post-233508","post","type-post","status-publish","format-standard","has-post-thumbnail","hentry","category-destaques-2","category-lavras","tag-homicidio","tag-lavras-2","tag-militar","tag-policia","tag-procura","tag-suspeito"],"jetpack_featured_media_url":"https:\/\/i0.wp.com\/www.lavras24horas.com.br\/portal\/wp-content\/uploads\/2018\/06\/a8f07b106ad0d244ae2f5ebe96365c1c.jpg?fit=500%2C291&ssl=1","jetpack_sharing_enabled":true,"jetpack_likes_enabled":true,"_links":{"self":[{"href":"https:\/\/www.lavras24horas.com.br\/portal\/wp-json\/wp\/v2\/posts\/233508","targetHints":{"allow":["GET"]}}],"collection":[{"href":"https:\/\/www.lavras24horas.com.br\/portal\/wp-json\/wp\/v2\/posts"}],"about":[{"href":"https:\/\/www.lavras24horas.com.br\/portal\/wp-json\/wp\/v2\/types\/post"}],"author":[{"embeddable":true,"href":"https:\/\/www.lavras24horas.com.br\/portal\/wp-json\/wp\/v2\/users\/7"}],"replies":[{"embeddable":true,"href":"https:\/\/www.lavras24horas.com.br\/portal\/wp-json\/wp\/v2\/comments?post=233508"}],"version-history":[{"count":1,"href":"https:\/\/www.lavras24horas.com.br\/portal\/wp-json\/wp\/v2\/posts\/233508\/revisions"}],"predecessor-version":[{"id":233510,"href":"https:\/\/www.lavras24horas.com.br\/portal\/wp-json\/wp\/v2\/posts\/233508\/revisions\/233510"}],"wp:featuredmedia":[{"embeddable":true,"href":"https:\/\/www.lavras24horas.com.br\/portal\/wp-json\/wp\/v2\/media\/233509"}],"wp:attachment":[{"href":"https:\/\/www.lavras24horas.com.br\/portal\/wp-json\/wp\/v2\/media?parent=233508"}],"wp:term":[{"taxonomy":"category","embeddable":true,"href":"https:\/\/www.lavras24horas.com.br\/portal\/wp-json\/wp\/v2\/categories?post=233508"},{"taxonomy":"post_tag","embeddable":true,"href":"https:\/\/www.lavras24horas.com.br\/portal\/wp-json\/wp\/v2\/tags?post=233508"}],"curies":[{"name":"wp","href":"https:\/\/api.w.org\/{rel}","templated":true}]}}