{"id":233271,"date":"2018-06-08T11:13:45","date_gmt":"2018-06-08T14:13:45","guid":{"rendered":"http:\/\/www.lavras24horas.com.br\/portal\/?p=233271"},"modified":"2018-06-08T11:13:45","modified_gmt":"2018-06-08T14:13:45","slug":"pm-prende-autora-de-homicidio-momentos-apos-o-crime-em-ribeirao-vermelho","status":"publish","type":"post","link":"https:\/\/www.lavras24horas.com.br\/portal\/pm-prende-autora-de-homicidio-momentos-apos-o-crime-em-ribeirao-vermelho\/","title":{"rendered":"PM prende autora de homic\u00eddio momentos ap\u00f3s o crime em Ribeir\u00e3o Vermelho"},"content":{"rendered":"<p style=\"text-align: justify;\">\n<p style=\"text-align: justify;\">\n<p style=\"text-align: justify;\">Sexta-feira (08), \u00e0s 01:10, na cidade de Ribeir\u00e3o Vermelho, os militares estiveram em um bar, onde informa\u00e7\u00f5es davam conta de que havia uma pessoa esfaqueada.<\/p>\n<p>No local foi constatado que a v\u00edtima j\u00e1 havia sido socorrida pela ambul\u00e2ncia do hospital municipal.<\/p>\n<p>Em conversa com o propriet\u00e1rio do estabelecimento, este informou que a v\u00edtima se encontrava no local, momento em que chegou uma mulher, e que ap\u00f3s uma discuss\u00e3o entre eles, ocasionadas por ci\u00fames, iniciou-se uma briga, onde a mulher teria esfaqueado a v\u00edtima com um canivete.<\/p>\n<p>Com base nas informa\u00e7\u00f5es os militares realizaram rastreamento nas imedia\u00e7\u00f5es da resid\u00eancia da denunciada de 36 anos, vindo a localiz\u00e1-la, a qual apresentava um sangramento na regi\u00e3o nasal.<\/p>\n<p>O canivete utilizado na agress\u00e3o tamb\u00e9m foi localizado e apreendido.<\/p>\n<p>Os militares estiveram no hospital e em contato com a m\u00e9dica plantonista, esta informou que a v\u00edtima, 40 anos, j\u00e1 havia chegado em \u00f3bito na unidade hospitalar.<\/p>\n<p>Segundo a autora, esta havia chegado no bar, ocasi\u00e3o em que a v\u00edtima teria se aproximado dela e proferido diversas ofensas, vindo a agredi-la, batendo com a cabe\u00e7a dela por diversas vezes na parede.<\/p>\n<p>Para se defender, ela teria utilizado um canivete que ela trazia no bolso e golpeado a v\u00edtima.<\/p>\n<p>A v\u00edtima apresentava aparentemente 4 perfura\u00e7\u00f5es espalhadas pelo corpo.<\/p>\n<p>A autora foi conduzida presa at\u00e9 a Delegacia.<\/p>\n<p style=\"text-align: justify;\">Fonte: PMMG<\/p>\n","protected":false},"excerpt":{"rendered":"<p>Sexta-feira (08), \u00e0s 01:10, na cidade de Ribeir\u00e3o Vermelho, os militares estiveram em um bar, onde informa\u00e7\u00f5es davam conta de que havia uma pessoa esfaqueada. No local foi constatado que a v\u00edtima j\u00e1 havia sido socorrida pela ambul\u00e2ncia do hospital municipal. Em conversa com o propriet\u00e1rio do estabelecimento, este informou que a v\u00edtima se encontrava [&hellip;]<\/p>\n","protected":false},"author":7,"featured_media":233272,"comment_status":"closed","ping_status":"closed","sticky":false,"template":"","format":"standard","meta":{"advanced_seo_description":"","jetpack_seo_html_title":"","jetpack_seo_noindex":false,"_jetpack_memberships_contains_paid_content":false,"footnotes":""},"categories":[13,79],"tags":[10406,325,1127,7967,593,484,489,1531,1532],"class_list":["post-233271","post","type-post","status-publish","format-standard","has-post-thumbnail","hentry","category-laterais-1","category-regiao","tag-autora","tag-crime","tag-homicidio","tag-momentos","tag-o","tag-pm","tag-prende","tag-ribeirao","tag-vermelho"],"jetpack_featured_media_url":"https:\/\/i0.wp.com\/www.lavras24horas.com.br\/portal\/wp-content\/uploads\/2018\/06\/9.jpg?fit=500%2C291&ssl=1","jetpack_sharing_enabled":true,"jetpack_likes_enabled":true,"_links":{"self":[{"href":"https:\/\/www.lavras24horas.com.br\/portal\/wp-json\/wp\/v2\/posts\/233271","targetHints":{"allow":["GET"]}}],"collection":[{"href":"https:\/\/www.lavras24horas.com.br\/portal\/wp-json\/wp\/v2\/posts"}],"about":[{"href":"https:\/\/www.lavras24horas.com.br\/portal\/wp-json\/wp\/v2\/types\/post"}],"author":[{"embeddable":true,"href":"https:\/\/www.lavras24horas.com.br\/portal\/wp-json\/wp\/v2\/users\/7"}],"replies":[{"embeddable":true,"href":"https:\/\/www.lavras24horas.com.br\/portal\/wp-json\/wp\/v2\/comments?post=233271"}],"version-history":[{"count":1,"href":"https:\/\/www.lavras24horas.com.br\/portal\/wp-json\/wp\/v2\/posts\/233271\/revisions"}],"predecessor-version":[{"id":233273,"href":"https:\/\/www.lavras24horas.com.br\/portal\/wp-json\/wp\/v2\/posts\/233271\/revisions\/233273"}],"wp:featuredmedia":[{"embeddable":true,"href":"https:\/\/www.lavras24horas.com.br\/portal\/wp-json\/wp\/v2\/media\/233272"}],"wp:attachment":[{"href":"https:\/\/www.lavras24horas.com.br\/portal\/wp-json\/wp\/v2\/media?parent=233271"}],"wp:term":[{"taxonomy":"category","embeddable":true,"href":"https:\/\/www.lavras24horas.com.br\/portal\/wp-json\/wp\/v2\/categories?post=233271"},{"taxonomy":"post_tag","embeddable":true,"href":"https:\/\/www.lavras24horas.com.br\/portal\/wp-json\/wp\/v2\/tags?post=233271"}],"curies":[{"name":"wp","href":"https:\/\/api.w.org\/{rel}","templated":true}]}}