{"id":230829,"date":"2018-04-02T07:53:42","date_gmt":"2018-04-02T10:53:42","guid":{"rendered":"http:\/\/www.lavras24horas.com.br\/portal\/?p=230829"},"modified":"2018-04-02T07:53:42","modified_gmt":"2018-04-02T10:53:42","slug":"prefeito-protocola-pedido-em-brasilia-para-instalar-radar-na-curva-do-capivari","status":"publish","type":"post","link":"https:\/\/www.lavras24horas.com.br\/portal\/prefeito-protocola-pedido-em-brasilia-para-instalar-radar-na-curva-do-capivari\/","title":{"rendered":"Prefeito protocola pedido em Bras\u00edlia para instalar radar na \u201cCurva do Capivari\u201d"},"content":{"rendered":"<p style=\"font-weight: 400; text-align: justify;\">\n<p style=\"font-weight: 400; text-align: justify;\">\n<p style=\"font-weight: 400; text-align: justify;\">No \u00faltimo m\u00eas de mar\u00e7o, foi protocolado em Bras\u00edlia um of\u00edcio do Gabinete do Prefeito de Lavras solicitando a instala\u00e7\u00e3o de um radar na rodovia BR-265, entre os quil\u00f4metros 333 e 334, no ponto conhecido como \u201cCurva do Capivari\u201d.<\/p>\n<p style=\"font-weight: 400; text-align: justify;\">No of\u00edcio, \u00e9 ressaltado o elevado risco de colis\u00f5es frontais ocasionada pela perda de controle dos ve\u00edculos ao entrar na curva em alta velocidade, que culmina em uma ponte. Tamb\u00e9m se fala das muitas vidas que j\u00e1 foram perdidas no trajeto, pois trata-se de um aclive\/declive com curvas acentuadas e, somadas a velocidade imprimida e a falta de aten\u00e7\u00e3o dos condutores.<\/p>\n<p style=\"font-weight: 400; text-align: justify;\">Tamb\u00e9m foi entregue um levantamento fotogr\u00e1fico do local e reportagens de diversos \u00f3rg\u00e3os de comunica\u00e7\u00e3o de Lavras e regi\u00e3o que narram acidentes, al\u00e9m de um relat\u00f3rio da Sexta Companhia da Policia Militar de Meio Ambiente e Tr\u00e2nsito, com dados sobre acidentes no local de 2013 a 2017, em que foram registrados 53 acidentes com v\u00edtimas fatais nesse ponto.<\/p>\n<p style=\"font-weight: 400; text-align: justify;\">\u00c9 o Governo de Lavras buscando solu\u00e7\u00f5es para a melhora na qualidade de vida dos moradores do munic\u00edpio e regi\u00e3o.<\/p>\n<p style=\"font-weight: 400;\"><b><strong><em>*Assessoria de Comunica\u00e7\u00e3o \u2013 Governo Municipal de Lavras<\/em><\/strong><\/b><\/p>\n","protected":false},"excerpt":{"rendered":"<p>No \u00faltimo m\u00eas de mar\u00e7o, foi protocolado em Bras\u00edlia um of\u00edcio do Gabinete do Prefeito de Lavras solicitando a instala\u00e7\u00e3o de um radar na rodovia BR-265, entre os quil\u00f4metros 333 e 334, no ponto conhecido como \u201cCurva do Capivari\u201d. No of\u00edcio, \u00e9 ressaltado o elevado risco de colis\u00f5es frontais ocasionada pela perda de controle dos [&hellip;]<\/p>\n","protected":false},"author":7,"featured_media":230830,"comment_status":"closed","ping_status":"closed","sticky":false,"template":"","format":"standard","meta":{"advanced_seo_description":"","jetpack_seo_html_title":"","jetpack_seo_noindex":false,"_jetpack_memberships_contains_paid_content":false,"footnotes":""},"categories":[13,4],"tags":[2440,4610,6036,1657,506,1336,4291,26081,6104],"class_list":["post-230829","post","type-post","status-publish","format-standard","has-post-thumbnail","hentry","category-laterais-1","category-lavras","tag-brasilia","tag-capivari","tag-curva","tag-instalar","tag-na","tag-pedido","tag-prefeito","tag-protocola","tag-radar"],"jetpack_featured_media_url":"https:\/\/i0.wp.com\/www.lavras24horas.com.br\/portal\/wp-content\/uploads\/2018\/04\/Ipem-rdar-262-_1.jpg?fit=620%2C410&ssl=1","jetpack_sharing_enabled":true,"jetpack_likes_enabled":true,"_links":{"self":[{"href":"https:\/\/www.lavras24horas.com.br\/portal\/wp-json\/wp\/v2\/posts\/230829","targetHints":{"allow":["GET"]}}],"collection":[{"href":"https:\/\/www.lavras24horas.com.br\/portal\/wp-json\/wp\/v2\/posts"}],"about":[{"href":"https:\/\/www.lavras24horas.com.br\/portal\/wp-json\/wp\/v2\/types\/post"}],"author":[{"embeddable":true,"href":"https:\/\/www.lavras24horas.com.br\/portal\/wp-json\/wp\/v2\/users\/7"}],"replies":[{"embeddable":true,"href":"https:\/\/www.lavras24horas.com.br\/portal\/wp-json\/wp\/v2\/comments?post=230829"}],"version-history":[{"count":1,"href":"https:\/\/www.lavras24horas.com.br\/portal\/wp-json\/wp\/v2\/posts\/230829\/revisions"}],"predecessor-version":[{"id":230831,"href":"https:\/\/www.lavras24horas.com.br\/portal\/wp-json\/wp\/v2\/posts\/230829\/revisions\/230831"}],"wp:featuredmedia":[{"embeddable":true,"href":"https:\/\/www.lavras24horas.com.br\/portal\/wp-json\/wp\/v2\/media\/230830"}],"wp:attachment":[{"href":"https:\/\/www.lavras24horas.com.br\/portal\/wp-json\/wp\/v2\/media?parent=230829"}],"wp:term":[{"taxonomy":"category","embeddable":true,"href":"https:\/\/www.lavras24horas.com.br\/portal\/wp-json\/wp\/v2\/categories?post=230829"},{"taxonomy":"post_tag","embeddable":true,"href":"https:\/\/www.lavras24horas.com.br\/portal\/wp-json\/wp\/v2\/tags?post=230829"}],"curies":[{"name":"wp","href":"https:\/\/api.w.org\/{rel}","templated":true}]}}