{"id":230443,"date":"2018-03-21T17:08:23","date_gmt":"2018-03-21T20:08:23","guid":{"rendered":"http:\/\/www.lavras24horas.com.br\/portal\/?p=230443"},"modified":"2018-03-21T17:09:43","modified_gmt":"2018-03-21T20:09:43","slug":"policia-civil-prende-suspeito-de-cometer-homicidio-em-lavras","status":"publish","type":"post","link":"https:\/\/www.lavras24horas.com.br\/portal\/policia-civil-prende-suspeito-de-cometer-homicidio-em-lavras\/","title":{"rendered":"Pol\u00edcia Civil prende suspeito de cometer homic\u00eddio em Lavras"},"content":{"rendered":"<p>A Pol\u00edcia Civil\u00a0 realizou a pris\u00e3o de W. L. A. P., suspeito de ser o respons\u00e1vel pelo homic\u00eddio que vitimou Alisson Francisco Vitor da Silva, no bairro Novo Horizonte, no \u00faltimo domingo (18),\u00a0em\u00a0 Lavras.<\/p>\n<p>De acordo com a PC, as investiga\u00e7\u00f5es preliminares apontaram\u00a0 W.\u00a0L.\u00a0A.\u00a0P. como respons\u00e1vel pelo crime, tendo sido reconhecido por uma testemunha dos fatos. O suspeito foi preso nessa ter\u00e7a-feira (20).<\/p>\n<p>O suspeito\u00a0optou por se apresentar \u00e0 Pol\u00edcia com a presen\u00e7a de seu advogado e confessou o delito ao Delegado Rafael Arruda. Segundo o suspeito, sua inten\u00e7\u00e3o n\u00e3o era matar Alisson, mas sim o respons\u00e1vel pelo homic\u00eddio de seu primo Diego, que ocorreu h\u00e1 pouco mais de uma semana, no mesmo bairro.<\/p>\n<p>O investigado foi encaminhado ao Sistema Prisional e est\u00e1 \u00e0 disposi\u00e7\u00e3o da Justi\u00e7a.<\/p>\n","protected":false},"excerpt":{"rendered":"<p>A Pol\u00edcia Civil\u00a0 realizou a pris\u00e3o de W. L. A. P., suspeito de ser o respons\u00e1vel pelo homic\u00eddio que vitimou Alisson Francisco Vitor da Silva, no bairro Novo Horizonte, no \u00faltimo domingo (18),\u00a0em\u00a0 Lavras. De acordo com a PC, as investiga\u00e7\u00f5es preliminares apontaram\u00a0 W.\u00a0L.\u00a0A.\u00a0P. como respons\u00e1vel pelo crime, tendo sido reconhecido por uma testemunha dos [&hellip;]<\/p>\n","protected":false},"author":7,"featured_media":208527,"comment_status":"closed","ping_status":"closed","sticky":false,"template":"","format":"standard","meta":{"advanced_seo_description":"","jetpack_seo_html_title":"","jetpack_seo_noindex":false,"_jetpack_memberships_contains_paid_content":false,"footnotes":""},"categories":[13077,4],"tags":[938,3023,1127,169,180,489,434],"class_list":["post-230443","post","type-post","status-publish","format-standard","has-post-thumbnail","hentry","category-laterais-2","category-lavras","tag-civil","tag-cometer","tag-homicidio","tag-lavras-2","tag-policia","tag-prende","tag-suspeito"],"jetpack_featured_media_url":"https:\/\/i0.wp.com\/www.lavras24horas.com.br\/portal\/wp-content\/uploads\/2016\/07\/delegacia-lavras-2-2-Copia.jpg?fit=700%2C525&ssl=1","jetpack_sharing_enabled":true,"jetpack_likes_enabled":true,"_links":{"self":[{"href":"https:\/\/www.lavras24horas.com.br\/portal\/wp-json\/wp\/v2\/posts\/230443","targetHints":{"allow":["GET"]}}],"collection":[{"href":"https:\/\/www.lavras24horas.com.br\/portal\/wp-json\/wp\/v2\/posts"}],"about":[{"href":"https:\/\/www.lavras24horas.com.br\/portal\/wp-json\/wp\/v2\/types\/post"}],"author":[{"embeddable":true,"href":"https:\/\/www.lavras24horas.com.br\/portal\/wp-json\/wp\/v2\/users\/7"}],"replies":[{"embeddable":true,"href":"https:\/\/www.lavras24horas.com.br\/portal\/wp-json\/wp\/v2\/comments?post=230443"}],"version-history":[{"count":3,"href":"https:\/\/www.lavras24horas.com.br\/portal\/wp-json\/wp\/v2\/posts\/230443\/revisions"}],"predecessor-version":[{"id":230446,"href":"https:\/\/www.lavras24horas.com.br\/portal\/wp-json\/wp\/v2\/posts\/230443\/revisions\/230446"}],"wp:featuredmedia":[{"embeddable":true,"href":"https:\/\/www.lavras24horas.com.br\/portal\/wp-json\/wp\/v2\/media\/208527"}],"wp:attachment":[{"href":"https:\/\/www.lavras24horas.com.br\/portal\/wp-json\/wp\/v2\/media?parent=230443"}],"wp:term":[{"taxonomy":"category","embeddable":true,"href":"https:\/\/www.lavras24horas.com.br\/portal\/wp-json\/wp\/v2\/categories?post=230443"},{"taxonomy":"post_tag","embeddable":true,"href":"https:\/\/www.lavras24horas.com.br\/portal\/wp-json\/wp\/v2\/tags?post=230443"}],"curies":[{"name":"wp","href":"https:\/\/api.w.org\/{rel}","templated":true}]}}