{"id":228912,"date":"2018-02-06T21:13:38","date_gmt":"2018-02-06T23:13:38","guid":{"rendered":"http:\/\/www.lavras24horas.com.br\/portal\/?p=228912"},"modified":"2018-02-07T16:05:10","modified_gmt":"2018-02-07T18:05:10","slug":"homicidio-em-lavras-rapaz-de-19-anos-e-morto-a-facadas","status":"publish","type":"post","link":"https:\/\/www.lavras24horas.com.br\/portal\/homicidio-em-lavras-rapaz-de-19-anos-e-morto-a-facadas\/","title":{"rendered":"Homic\u00eddio em Lavras: Rapaz de 19 anos \u00e9 morto a facadas"},"content":{"rendered":"<p>Um jovem de 19 anos foi morto com dois golpes de faca na tarde desta ter\u00e7a-feira\u00a0 (06), uma delas no t\u00f3rax,\u00a0 as informa\u00e7\u00f5es s\u00e3o da Pol\u00edcia Militar.<\/p>\n<p>Ainda de acordo com a PM,\u00a0 o crime ocorreu\u00a0pr\u00f3ximo \u00e0 uma quadra no bairro Jardim Europa. A v\u00edtima chegou a ser socorrida pelos Bombeiros\u00a0 mas morreu durante atendimento na Unidade de Pronto Atendimento\u00a0 (UPA).<\/p>\n<p>Dois rapazes suspeitos de terem cometido o crime\u00a0 j\u00e1 foram identificados pela pol\u00edcia\u00a0 e est\u00e3o sendo rastreados pela PM.<\/p>\n","protected":false},"excerpt":{"rendered":"<p>Um jovem de 19 anos foi morto com dois golpes de faca na tarde desta ter\u00e7a-feira\u00a0 (06), uma delas no t\u00f3rax,\u00a0 as informa\u00e7\u00f5es s\u00e3o da Pol\u00edcia Militar. Ainda de acordo com a PM,\u00a0 o crime ocorreu\u00a0pr\u00f3ximo \u00e0 uma quadra no bairro Jardim Europa. A v\u00edtima chegou a ser socorrida pelos Bombeiros\u00a0 mas morreu durante atendimento [&hellip;]<\/p>\n","protected":false},"author":7,"featured_media":228913,"comment_status":"closed","ping_status":"closed","sticky":false,"template":"","format":"standard","meta":{"advanced_seo_description":"","jetpack_seo_html_title":"","jetpack_seo_noindex":false,"_jetpack_memberships_contains_paid_content":false,"footnotes":""},"categories":[13077,4],"tags":[629,454,1503,1127,169,1677,3095],"class_list":["post-228912","post","type-post","status-publish","format-standard","has-post-thumbnail","hentry","category-laterais-2","category-lavras","tag-anos","tag-e","tag-facadas","tag-homicidio","tag-lavras-2","tag-morto","tag-rapaz"],"jetpack_featured_media_url":"https:\/\/i0.wp.com\/www.lavras24horas.com.br\/portal\/wp-content\/uploads\/2018\/02\/plantao-lavras-24-horas-500x330.jpg?fit=500%2C330&ssl=1","jetpack_sharing_enabled":true,"jetpack_likes_enabled":true,"_links":{"self":[{"href":"https:\/\/www.lavras24horas.com.br\/portal\/wp-json\/wp\/v2\/posts\/228912","targetHints":{"allow":["GET"]}}],"collection":[{"href":"https:\/\/www.lavras24horas.com.br\/portal\/wp-json\/wp\/v2\/posts"}],"about":[{"href":"https:\/\/www.lavras24horas.com.br\/portal\/wp-json\/wp\/v2\/types\/post"}],"author":[{"embeddable":true,"href":"https:\/\/www.lavras24horas.com.br\/portal\/wp-json\/wp\/v2\/users\/7"}],"replies":[{"embeddable":true,"href":"https:\/\/www.lavras24horas.com.br\/portal\/wp-json\/wp\/v2\/comments?post=228912"}],"version-history":[{"count":2,"href":"https:\/\/www.lavras24horas.com.br\/portal\/wp-json\/wp\/v2\/posts\/228912\/revisions"}],"predecessor-version":[{"id":228959,"href":"https:\/\/www.lavras24horas.com.br\/portal\/wp-json\/wp\/v2\/posts\/228912\/revisions\/228959"}],"wp:featuredmedia":[{"embeddable":true,"href":"https:\/\/www.lavras24horas.com.br\/portal\/wp-json\/wp\/v2\/media\/228913"}],"wp:attachment":[{"href":"https:\/\/www.lavras24horas.com.br\/portal\/wp-json\/wp\/v2\/media?parent=228912"}],"wp:term":[{"taxonomy":"category","embeddable":true,"href":"https:\/\/www.lavras24horas.com.br\/portal\/wp-json\/wp\/v2\/categories?post=228912"},{"taxonomy":"post_tag","embeddable":true,"href":"https:\/\/www.lavras24horas.com.br\/portal\/wp-json\/wp\/v2\/tags?post=228912"}],"curies":[{"name":"wp","href":"https:\/\/api.w.org\/{rel}","templated":true}]}}