{"id":226348,"date":"2017-12-09T06:00:18","date_gmt":"2017-12-09T08:00:18","guid":{"rendered":"http:\/\/www.lavras24horas.com.br\/portal\/?p=226348"},"modified":"2017-12-09T18:29:41","modified_gmt":"2017-12-09T20:29:41","slug":"cinema-drama-extraordinario-e-a-boa-pedida-para-este-final-de-semana-em-lavras","status":"publish","type":"post","link":"https:\/\/www.lavras24horas.com.br\/portal\/cinema-drama-extraordinario-e-a-boa-pedida-para-este-final-de-semana-em-lavras\/","title":{"rendered":"Drama Extraordin\u00e1rio \u00e9 a boa pedida para este final de semana em Lavras"},"content":{"rendered":"<p>&nbsp;<\/p>\n<p>&nbsp;<\/p>\n<p style=\"text-align: justify;\">Um filme que possui todos os elementos estrategicamente combinados para fazer o p\u00fablico se emocionar entra em cartaz no Cine Arte Caf\u00e9, no Lavras Shopping. O filme conta a hist\u00f3ria de Auggie, o menino que nasceu com uma deformidade facial, \u00e9 cheia de emo\u00e7\u00e3o e trar\u00e1 muitas reflex\u00f5es sobre bullying e aceita\u00e7\u00e3o.<\/p>\n<p style=\"text-align: justify;\">Aos 10 anos, ap\u00f3s 27 cirurgias, ele pisa pela primeira vez na escola, enfrentando a resist\u00eancia dos colegas por conta de seu rosto e o temor dos pais. Ap\u00f3s mostrar os efeitos do bullying na escola, o \u00faltimo trailer antes da t\u00e3o esperada estreia trouxe a principal mensagem do longa, que \u00e9 sobre aceitar as diferen\u00e7as e n\u00e3o dar tanto valor \u00e0s apar\u00eancias. O protagonista fala sobre como sua fam\u00edlia o apoia em um discurso lindo.<\/p>\n<p style=\"text-align: justify;\">O longa, que conta com a participa\u00e7\u00e3o da atriz brasileira S\u00f4nia Braga, surpreendeu a todos nas bilheterias do fim de semana nos Estados Unidos. Extraordin\u00e1rio acumulou US$ 27,1 milh\u00f5es, quase o triplo do esperado para o fim de semana de estreia nas salas de cinema.<\/p>\n<p style=\"text-align: justify;\">Dirigido por Stephen Chbosky e estrelado por Jacob Tremblay (O quarto de Jack), Julia Roberts e Owen Wilson (Marley &amp; Eu), \u201cExtraordin\u00e1rio\u201d \u00e9 baseado no best-seller de R.J. Pal\u00e1cio e estreia no dia 7 de dezembro nos cinemas de todo o pa\u00eds.<\/p>\n<p>&nbsp;<\/p>\n<p><strong>Servi\u00e7o: <\/strong><\/p>\n<p><strong>Cine Art Caf\u00e9 &#8211; Lavras \u2013Extraordin\u00e1rio<\/strong><\/p>\n<p><u>Programa\u00e7\u00e3o das sess\u00f5es de S\u00e1bado e Domingo<\/u><\/p>\n<p><u><\/u><strong>Legendado em portugu\u00eas: <\/strong>21:00<\/p>\n<p><strong>Dublado em portugu\u00eas: <\/strong>14:00; 16:15; 18:45<\/p>\n<p>&nbsp;<\/p>\n","protected":false},"excerpt":{"rendered":"<p>&nbsp; &nbsp; Um filme que possui todos os elementos estrategicamente combinados para fazer o p\u00fablico se emocionar entra em cartaz no Cine Arte Caf\u00e9, no Lavras Shopping. O filme conta a hist\u00f3ria de Auggie, o menino que nasceu com uma deformidade facial, \u00e9 cheia de emo\u00e7\u00e3o e trar\u00e1 muitas reflex\u00f5es sobre bullying e aceita\u00e7\u00e3o. Aos [&hellip;]<\/p>\n","protected":false},"author":7,"featured_media":226349,"comment_status":"closed","ping_status":"closed","sticky":false,"template":"","format":"standard","meta":{"advanced_seo_description":"","jetpack_seo_html_title":"","jetpack_seo_noindex":false,"_jetpack_memberships_contains_paid_content":false,"footnotes":""},"categories":[14,4],"tags":[744,3367,17610,454,508,28005,753,169,11881,767],"class_list":["post-226348","post","type-post","status-publish","format-standard","has-post-thumbnail","hentry","category-destaques-2","category-lavras","tag-boa","tag-bullying","tag-drama","tag-e","tag-este","tag-extraordinario","tag-final","tag-lavras-2","tag-pedida","tag-semana"],"jetpack_featured_media_url":"https:\/\/i0.wp.com\/www.lavras24horas.com.br\/portal\/wp-content\/uploads\/2017\/12\/jacob-tremblay-extraordinario.jpg?fit=500%2C325&ssl=1","jetpack_sharing_enabled":true,"jetpack_likes_enabled":true,"jetpack_shortlink":"https:\/\/wp.me\/p12djN-WSM","_links":{"self":[{"href":"https:\/\/www.lavras24horas.com.br\/portal\/wp-json\/wp\/v2\/posts\/226348","targetHints":{"allow":["GET"]}}],"collection":[{"href":"https:\/\/www.lavras24horas.com.br\/portal\/wp-json\/wp\/v2\/posts"}],"about":[{"href":"https:\/\/www.lavras24horas.com.br\/portal\/wp-json\/wp\/v2\/types\/post"}],"author":[{"embeddable":true,"href":"https:\/\/www.lavras24horas.com.br\/portal\/wp-json\/wp\/v2\/users\/7"}],"replies":[{"embeddable":true,"href":"https:\/\/www.lavras24horas.com.br\/portal\/wp-json\/wp\/v2\/comments?post=226348"}],"version-history":[{"count":0,"href":"https:\/\/www.lavras24horas.com.br\/portal\/wp-json\/wp\/v2\/posts\/226348\/revisions"}],"wp:featuredmedia":[{"embeddable":true,"href":"https:\/\/www.lavras24horas.com.br\/portal\/wp-json\/wp\/v2\/media\/226349"}],"wp:attachment":[{"href":"https:\/\/www.lavras24horas.com.br\/portal\/wp-json\/wp\/v2\/media?parent=226348"}],"wp:term":[{"taxonomy":"category","embeddable":true,"href":"https:\/\/www.lavras24horas.com.br\/portal\/wp-json\/wp\/v2\/categories?post=226348"},{"taxonomy":"post_tag","embeddable":true,"href":"https:\/\/www.lavras24horas.com.br\/portal\/wp-json\/wp\/v2\/tags?post=226348"}],"curies":[{"name":"wp","href":"https:\/\/api.w.org\/{rel}","templated":true}]}}