{"id":222094,"date":"2017-08-04T10:40:58","date_gmt":"2017-08-04T13:40:58","guid":{"rendered":"http:\/\/www.lavras24horas.com.br\/portal\/?p=222094"},"modified":"2017-08-04T10:40:58","modified_gmt":"2017-08-04T13:40:58","slug":"policia-civil-prende-suspeito-de-homicidio-em-lavras","status":"publish","type":"post","link":"https:\/\/www.lavras24horas.com.br\/portal\/policia-civil-prende-suspeito-de-homicidio-em-lavras\/","title":{"rendered":"Pol\u00edcia Civil prende suspeito de homic\u00eddio em Lavras"},"content":{"rendered":"<p>&nbsp;<\/p>\n<p style=\"text-align: justify;\">Como desdobramento de uma investiga\u00e7\u00e3o de homic\u00eddio, a Pol\u00edcia Civil de Minas Gerais (PCMG), em Lavras, prendeu temporariamente um jovem de 19 anos, na manh\u00e3 desta sexta-feira (4). Ele \u00e9 suspeito da morte de Robson Alessandro Conedeira Carvalho, 26, o \u201cChicote\u201d, em 5 de junho deste ano, no bairro Fonte Verde. As apura\u00e7\u00f5es apontam que um adolescente de 17 anos tenha participa\u00e7\u00e3o no assassinato.<\/p>\n<p style=\"text-align: justify;\">De acordo com o delegado respons\u00e1vel pelo caso, Rafael Arruda, a motiva\u00e7\u00e3o do crime est\u00e1 relacionada a uma d\u00edvida de drogas por parte da v\u00edtima com os investigados. \u201cO referido delito foi praticado com requintes de crueldade, haja vista que os suspeitos utilizaram-se de um peda\u00e7o de madeira para golpear a v\u00edtima at\u00e9 a morte\u201d, conta o delegado.<\/p>\n<p style=\"text-align: justify;\">As investiga\u00e7\u00f5es continuam para a completa elucida\u00e7\u00e3o do fato.<\/p>\n","protected":false},"excerpt":{"rendered":"<p>&nbsp; Como desdobramento de uma investiga\u00e7\u00e3o de homic\u00eddio, a Pol\u00edcia Civil de Minas Gerais (PCMG), em Lavras, prendeu temporariamente um jovem de 19 anos, na manh\u00e3 desta sexta-feira (4). Ele \u00e9 suspeito da morte de Robson Alessandro Conedeira Carvalho, 26, o \u201cChicote\u201d, em 5 de junho deste ano, no bairro Fonte Verde. As apura\u00e7\u00f5es apontam [&hellip;]<\/p>\n","protected":false},"author":7,"featured_media":222090,"comment_status":"closed","ping_status":"closed","sticky":false,"template":"","format":"standard","meta":{"advanced_seo_description":"","jetpack_seo_html_title":"","jetpack_seo_noindex":false,"_jetpack_memberships_contains_paid_content":false,"footnotes":""},"categories":[13077,4],"tags":[938,1127,169,180,489,434],"class_list":["post-222094","post","type-post","status-publish","format-standard","has-post-thumbnail","hentry","category-laterais-2","category-lavras","tag-civil","tag-homicidio","tag-lavras-2","tag-policia","tag-prende","tag-suspeito"],"jetpack_featured_media_url":"https:\/\/i0.wp.com\/www.lavras24horas.com.br\/portal\/wp-content\/uploads\/2017\/08\/delegacia-lavras-2-e1456940939239.jpg?fit=3648%2C2362&ssl=1","jetpack_sharing_enabled":true,"jetpack_likes_enabled":true,"_links":{"self":[{"href":"https:\/\/www.lavras24horas.com.br\/portal\/wp-json\/wp\/v2\/posts\/222094","targetHints":{"allow":["GET"]}}],"collection":[{"href":"https:\/\/www.lavras24horas.com.br\/portal\/wp-json\/wp\/v2\/posts"}],"about":[{"href":"https:\/\/www.lavras24horas.com.br\/portal\/wp-json\/wp\/v2\/types\/post"}],"author":[{"embeddable":true,"href":"https:\/\/www.lavras24horas.com.br\/portal\/wp-json\/wp\/v2\/users\/7"}],"replies":[{"embeddable":true,"href":"https:\/\/www.lavras24horas.com.br\/portal\/wp-json\/wp\/v2\/comments?post=222094"}],"version-history":[{"count":0,"href":"https:\/\/www.lavras24horas.com.br\/portal\/wp-json\/wp\/v2\/posts\/222094\/revisions"}],"wp:featuredmedia":[{"embeddable":true,"href":"https:\/\/www.lavras24horas.com.br\/portal\/wp-json\/wp\/v2\/media\/222090"}],"wp:attachment":[{"href":"https:\/\/www.lavras24horas.com.br\/portal\/wp-json\/wp\/v2\/media?parent=222094"}],"wp:term":[{"taxonomy":"category","embeddable":true,"href":"https:\/\/www.lavras24horas.com.br\/portal\/wp-json\/wp\/v2\/categories?post=222094"},{"taxonomy":"post_tag","embeddable":true,"href":"https:\/\/www.lavras24horas.com.br\/portal\/wp-json\/wp\/v2\/tags?post=222094"}],"curies":[{"name":"wp","href":"https:\/\/api.w.org\/{rel}","templated":true}]}}