{"id":220216,"date":"2017-06-06T08:47:41","date_gmt":"2017-06-06T11:47:41","guid":{"rendered":"http:\/\/www.lavras24horas.com.br\/portal\/?p=220216"},"modified":"2017-06-06T08:47:41","modified_gmt":"2017-06-06T11:47:41","slug":"homicidio-e-registrado-no-bairro-fonte-verde","status":"publish","type":"post","link":"https:\/\/www.lavras24horas.com.br\/portal\/homicidio-e-registrado-no-bairro-fonte-verde\/","title":{"rendered":"Homic\u00eddio \u00e9 registrado no bairro Fonte Verde"},"content":{"rendered":"<p style=\"text-align: justify;\">\n<p style=\"text-align: justify;\">\n<p style=\"text-align: justify;\">Na madrugada de desta quarta-feira, dia 6, na cidade de Lavras, a PM em patrulhamento pelo bairro Fonte Verde, foi acionada por um cidad\u00e3o que relatou que se encontrava realizando suas atividades, momento em que passaram dois adolescentes, os quais afirmaram terem visto o corpo de um homem ca\u00eddo, na rua Engenheiro Jo\u00e3o S\u00e1vio Gorgosino.<\/p>\n<p style=\"text-align: justify;\">\n<p style=\"text-align: justify;\">Diante das informa\u00e7\u00f5es, a PM deslocou at\u00e9 o local indicado, momento em que no quintal da casa pr\u00f3ximo a parede do im\u00f3vel, foi localizado um corpo ca\u00eddo ao solo. Tratava-se de um individuo de cor negra, estatura mediana, cabelos raspados, trajando blusa de moleton branca e bermuda azul.<\/p>\n<p style=\"text-align: justify;\">\n<p style=\"text-align: justify;\">Segundo a pol\u00edcia, o corpo apresentava um ferimento na regi\u00e3o posterior da cabe\u00e7a, tendo embaixo da cabe\u00e7a grande acumulo de sangue, aparentando ter sido golpeado com um objeto contundente, n\u00e3o apresentando sinais vitais como respira\u00e7\u00e3o e batimentos card\u00edacos. Segundo a PM, tratava-se do corpo de Robson Alessandro Coledeiro de Carvalho, \u00a026 anos. O corpo foi reconhecido pela m\u00e3e do rapaz.<\/p>\n<p style=\"text-align: justify;\">\n<p style=\"text-align: justify;\">Ela foi questionada se a v\u00edtima havia tido algum desentendimento com algum morador do bairro, sendo que esta firmou que seu filho havia tido um desentendimento com um indiv\u00edduo e um menor em data anterior.<\/p>\n<p style=\"text-align: justify;\">\n<p style=\"text-align: justify;\">Em dilig\u00eancia na resid\u00eancia do indiv\u00edduo, os policiais travaram conhecimento com o mesmo e seu filho. Eles negaram ter participado do il\u00edcito, entretanto afirmaram que &#8221;deve ser algu\u00e9m que havia atra\u00eddo a v\u00edtima para aquele local escuro&#8221;, contudo ningu\u00e9m tinha dito ao indiv\u00edduo nenhuma informa\u00e7\u00e3o sobre o local dos fatos.<\/p>\n<p style=\"text-align: justify;\">\n<p style=\"text-align: justify;\">A per\u00edcia constatou afundamento do cr\u00e2nio e da face da v\u00edtima. Ao lado do corpo foram localizadas ao solo duas pedras de substancia semelhante a crack.O crime aconteceu horas depois de Lavras ter sido considerada uma das quatro cidades do interior de Minas que est\u00e3o entre as 30 menos violentas do pa\u00eds, segundo um estudo divulgado pelo Instituto de Pesquisa Econ\u00f4mica Aplicada (Ipea).<\/p>\n<p>&nbsp;<\/p>\n","protected":false},"excerpt":{"rendered":"<p>Na madrugada de desta quarta-feira, dia 6, na cidade de Lavras, a PM em patrulhamento pelo bairro Fonte Verde, foi acionada por um cidad\u00e3o que relatou que se encontrava realizando suas atividades, momento em que passaram dois adolescentes, os quais afirmaram terem visto o corpo de um homem ca\u00eddo, na rua Engenheiro Jo\u00e3o S\u00e1vio Gorgosino. [&hellip;]<\/p>\n","protected":false},"author":7,"featured_media":220217,"comment_status":"closed","ping_status":"closed","sticky":false,"template":"","format":"standard","meta":{"advanced_seo_description":"","jetpack_seo_html_title":"","jetpack_seo_noindex":false,"_jetpack_memberships_contains_paid_content":false,"footnotes":""},"categories":[13077],"tags":[1175,454,13187,1127,543,2414,599],"class_list":["post-220216","post","type-post","status-publish","format-standard","has-post-thumbnail","hentry","category-laterais-2","tag-bairro","tag-e","tag-fonte","tag-homicidio","tag-no","tag-registrado","tag-verde"],"jetpack_featured_media_url":"https:\/\/i0.wp.com\/www.lavras24horas.com.br\/portal\/wp-content\/uploads\/2017\/06\/plantao-lavras-24-horas.jpg?fit=1600%2C1056&ssl=1","jetpack_sharing_enabled":true,"jetpack_likes_enabled":true,"_links":{"self":[{"href":"https:\/\/www.lavras24horas.com.br\/portal\/wp-json\/wp\/v2\/posts\/220216","targetHints":{"allow":["GET"]}}],"collection":[{"href":"https:\/\/www.lavras24horas.com.br\/portal\/wp-json\/wp\/v2\/posts"}],"about":[{"href":"https:\/\/www.lavras24horas.com.br\/portal\/wp-json\/wp\/v2\/types\/post"}],"author":[{"embeddable":true,"href":"https:\/\/www.lavras24horas.com.br\/portal\/wp-json\/wp\/v2\/users\/7"}],"replies":[{"embeddable":true,"href":"https:\/\/www.lavras24horas.com.br\/portal\/wp-json\/wp\/v2\/comments?post=220216"}],"version-history":[{"count":0,"href":"https:\/\/www.lavras24horas.com.br\/portal\/wp-json\/wp\/v2\/posts\/220216\/revisions"}],"wp:featuredmedia":[{"embeddable":true,"href":"https:\/\/www.lavras24horas.com.br\/portal\/wp-json\/wp\/v2\/media\/220217"}],"wp:attachment":[{"href":"https:\/\/www.lavras24horas.com.br\/portal\/wp-json\/wp\/v2\/media?parent=220216"}],"wp:term":[{"taxonomy":"category","embeddable":true,"href":"https:\/\/www.lavras24horas.com.br\/portal\/wp-json\/wp\/v2\/categories?post=220216"},{"taxonomy":"post_tag","embeddable":true,"href":"https:\/\/www.lavras24horas.com.br\/portal\/wp-json\/wp\/v2\/tags?post=220216"}],"curies":[{"name":"wp","href":"https:\/\/api.w.org\/{rel}","templated":true}]}}