{"id":217363,"date":"2017-03-08T17:46:16","date_gmt":"2017-03-08T20:46:16","guid":{"rendered":"http:\/\/www.lavras24horas.com.br\/portal\/?p=217363"},"modified":"2017-03-08T17:49:04","modified_gmt":"2017-03-08T20:49:04","slug":"apos-morte-cerebral-orgaos-de-neia-sao-doados","status":"publish","type":"post","link":"https:\/\/www.lavras24horas.com.br\/portal\/apos-morte-cerebral-orgaos-de-neia-sao-doados\/","title":{"rendered":"Ap\u00f3s morte cerebral, \u00f3rg\u00e3os de Neia s\u00e3o doados"},"content":{"rendered":"<p style=\"text-align: justify;\">A Funer\u00e1ria Carvalho confirmou na tarde desta quarta-feira (08\/03), a morte\u00a0da cabeleireira Claudineia F\u00e1tima de Moraes de 32 anos que estava internada no Hospital Vaz Monteiro.<\/p>\n<figure id=\"attachment_217366\" aria-describedby=\"caption-attachment-217366\" style=\"width: 593px\" class=\"wp-caption aligncenter\"><a href=\"https:\/\/i0.wp.com\/www.lavras24horas.com.br\/portal\/wp-content\/uploads\/2017\/03\/WhatsApp-Image-2017-03-08-at-13.15.531.jpeg\"><img data-recalc-dims=\"1\" fetchpriority=\"high\" decoding=\"async\" data-attachment-id=\"217366\" data-permalink=\"https:\/\/www.lavras24horas.com.br\/portal\/apos-morte-cerebral-orgaos-de-neia-sao-doados\/whatsapp-image-2017-03-08-at-13-15-531\/\" data-orig-file=\"https:\/\/i0.wp.com\/www.lavras24horas.com.br\/portal\/wp-content\/uploads\/2017\/03\/WhatsApp-Image-2017-03-08-at-13.15.531.jpeg?fit=800%2C445&amp;ssl=1\" data-orig-size=\"800,445\" data-comments-opened=\"0\" data-image-meta=\"{&quot;aperture&quot;:&quot;0&quot;,&quot;credit&quot;:&quot;&quot;,&quot;camera&quot;:&quot;&quot;,&quot;caption&quot;:&quot;&quot;,&quot;created_timestamp&quot;:&quot;0&quot;,&quot;copyright&quot;:&quot;&quot;,&quot;focal_length&quot;:&quot;0&quot;,&quot;iso&quot;:&quot;0&quot;,&quot;shutter_speed&quot;:&quot;0&quot;,&quot;title&quot;:&quot;&quot;,&quot;orientation&quot;:&quot;0&quot;}\" data-image-title=\"WhatsApp-Image-2017-03-08-at-13.15.531\" data-image-description=\"\" data-image-caption=\"&lt;p&gt;Foto: Jesus Rafael \/TVU&lt;\/p&gt;\n\" data-large-file=\"https:\/\/i0.wp.com\/www.lavras24horas.com.br\/portal\/wp-content\/uploads\/2017\/03\/WhatsApp-Image-2017-03-08-at-13.15.531.jpeg?fit=593%2C330&amp;ssl=1\" class=\"size-large wp-image-217366\" src=\"https:\/\/i0.wp.com\/www.lavras24horas.com.br\/portal\/wp-content\/uploads\/2017\/03\/WhatsApp-Image-2017-03-08-at-13.15.531-593x330.jpeg?resize=593%2C330\" alt=\"Foto: Jesus Rafael \/TVU\" width=\"593\" height=\"330\" srcset=\"https:\/\/i0.wp.com\/www.lavras24horas.com.br\/portal\/wp-content\/uploads\/2017\/03\/WhatsApp-Image-2017-03-08-at-13.15.531.jpeg?resize=593%2C330&amp;ssl=1 593w, https:\/\/i0.wp.com\/www.lavras24horas.com.br\/portal\/wp-content\/uploads\/2017\/03\/WhatsApp-Image-2017-03-08-at-13.15.531.jpeg?resize=218%2C121&amp;ssl=1 218w, https:\/\/i0.wp.com\/www.lavras24horas.com.br\/portal\/wp-content\/uploads\/2017\/03\/WhatsApp-Image-2017-03-08-at-13.15.531.jpeg?w=800&amp;ssl=1 800w\" sizes=\"(max-width: 593px) 100vw, 593px\" \/><\/a><figcaption id=\"caption-attachment-217366\" class=\"wp-caption-text\">Foto: Jesus Rafael \/TVU<\/figcaption><\/figure>\n<p style=\"text-align: justify;\">Ap\u00f3s ter a morte cerebral atestada pelos m\u00e9dicos, os \u00f3rg\u00e3os \u00a0de N\u00e9ia foram doados pela fam\u00edlia. \u00a0Equipes de capta\u00e7\u00e3o da MG Transplantes e \u00a0da Central Nacional de Transplantes de Bras\u00edlia estiveram em Lavras para realizar o procedimento.<\/p>\n<p style=\"text-align: justify;\">Claudineia e sua s\u00f3cia Jaqueline Rezende Alves Dutra de 31 anos, foram atingidas por\u00a0tiros , efetuados pelo ex companheiro de N\u00e9ia, M\u00e1rcio Ant\u00f4nio de Carvalho, de 51 anos, que ap\u00f3s o crime se matou. Ainda n\u00e3o h\u00e1 informa\u00e7\u00f5es sobre o vel\u00f3rio e\u00a0sepultamento de Claudineia.<\/p>\n<p style=\"text-align: justify;\">\u00a0O caso comoveu toda cidade de Lavras, muitas pessoas usaram as redes sociais para demonstrar solidariedade \u00e0s fam\u00edlias das v\u00edtimas. O \u00a0facebook de Neia foi transformado em um memorial onde amigos\u00a0e parentes \u00a0prestam seus sentimentos.<\/p>\n<figure id=\"attachment_217365\" aria-describedby=\"caption-attachment-217365\" style=\"width: 586px\" class=\"wp-caption aligncenter\"><a href=\"https:\/\/i0.wp.com\/www.lavras24horas.com.br\/portal\/wp-content\/uploads\/2017\/03\/17176164_1311528138935609_1199851170_o.jpg\"><img data-recalc-dims=\"1\" decoding=\"async\" data-attachment-id=\"217365\" data-permalink=\"https:\/\/www.lavras24horas.com.br\/portal\/apos-morte-cerebral-orgaos-de-neia-sao-doados\/17176164_1311528138935609_1199851170_o\/\" data-orig-file=\"https:\/\/i0.wp.com\/www.lavras24horas.com.br\/portal\/wp-content\/uploads\/2017\/03\/17176164_1311528138935609_1199851170_o.jpg?fit=1184%2C666&amp;ssl=1\" data-orig-size=\"1184,666\" data-comments-opened=\"0\" data-image-meta=\"{&quot;aperture&quot;:&quot;0&quot;,&quot;credit&quot;:&quot;&quot;,&quot;camera&quot;:&quot;&quot;,&quot;caption&quot;:&quot;&quot;,&quot;created_timestamp&quot;:&quot;0&quot;,&quot;copyright&quot;:&quot;&quot;,&quot;focal_length&quot;:&quot;0&quot;,&quot;iso&quot;:&quot;0&quot;,&quot;shutter_speed&quot;:&quot;0&quot;,&quot;title&quot;:&quot;&quot;,&quot;orientation&quot;:&quot;0&quot;}\" data-image-title=\"17176164_1311528138935609_1199851170_o\" data-image-description=\"\" data-image-caption=\"&lt;p&gt;P\u00e1gina do facebook de N\u00e9ia virou um memorial&lt;\/p&gt;\n\" data-large-file=\"https:\/\/i0.wp.com\/www.lavras24horas.com.br\/portal\/wp-content\/uploads\/2017\/03\/17176164_1311528138935609_1199851170_o.jpg?fit=586%2C330&amp;ssl=1\" class=\"size-large wp-image-217365\" src=\"https:\/\/i0.wp.com\/www.lavras24horas.com.br\/portal\/wp-content\/uploads\/2017\/03\/17176164_1311528138935609_1199851170_o-586x330.jpg?resize=586%2C330\" alt=\"P\u00e1gina do facebook de N\u00e9ia virou um memorial\" width=\"586\" height=\"330\" srcset=\"https:\/\/i0.wp.com\/www.lavras24horas.com.br\/portal\/wp-content\/uploads\/2017\/03\/17176164_1311528138935609_1199851170_o.jpg?resize=586%2C330&amp;ssl=1 586w, https:\/\/i0.wp.com\/www.lavras24horas.com.br\/portal\/wp-content\/uploads\/2017\/03\/17176164_1311528138935609_1199851170_o.jpg?w=1184&amp;ssl=1 1184w\" sizes=\"(max-width: 586px) 100vw, 586px\" \/><\/a><figcaption id=\"caption-attachment-217365\" class=\"wp-caption-text\">P\u00e1gina do facebook de N\u00e9ia virou um memorial<\/figcaption><\/figure>\n<p style=\"text-align: justify;\">\n","protected":false},"excerpt":{"rendered":"<p>A Funer\u00e1ria Carvalho confirmou na tarde desta quarta-feira (08\/03), a morte\u00a0da cabeleireira Claudineia F\u00e1tima de Moraes de 32 anos que estava internada no Hospital Vaz Monteiro. Ap\u00f3s ter a morte cerebral atestada pelos m\u00e9dicos, os \u00f3rg\u00e3os \u00a0de N\u00e9ia foram doados pela fam\u00edlia. \u00a0Equipes de capta\u00e7\u00e3o da MG Transplantes e \u00a0da Central Nacional de Transplantes de [&hellip;]<\/p>\n","protected":false},"author":7,"featured_media":217367,"comment_status":"closed","ping_status":"closed","sticky":false,"template":"","format":"standard","meta":{"advanced_seo_description":"","jetpack_seo_html_title":"","jetpack_seo_noindex":false,"_jetpack_memberships_contains_paid_content":false,"footnotes":""},"categories":[13077,4],"tags":[5423,27121,402,27327,5531,462],"class_list":["post-217363","post","type-post","status-publish","format-standard","has-post-thumbnail","hentry","category-laterais-2","category-lavras","tag-cerebral","tag-doados","tag-morte","tag-neia","tag-orgaos","tag-sao"],"jetpack_featured_media_url":"https:\/\/i0.wp.com\/www.lavras24horas.com.br\/portal\/wp-content\/uploads\/2017\/03\/13256489_756956727740677_5570503784824490609_n.jpg?fit=960%2C960&ssl=1","jetpack_sharing_enabled":true,"jetpack_likes_enabled":true,"_links":{"self":[{"href":"https:\/\/www.lavras24horas.com.br\/portal\/wp-json\/wp\/v2\/posts\/217363","targetHints":{"allow":["GET"]}}],"collection":[{"href":"https:\/\/www.lavras24horas.com.br\/portal\/wp-json\/wp\/v2\/posts"}],"about":[{"href":"https:\/\/www.lavras24horas.com.br\/portal\/wp-json\/wp\/v2\/types\/post"}],"author":[{"embeddable":true,"href":"https:\/\/www.lavras24horas.com.br\/portal\/wp-json\/wp\/v2\/users\/7"}],"replies":[{"embeddable":true,"href":"https:\/\/www.lavras24horas.com.br\/portal\/wp-json\/wp\/v2\/comments?post=217363"}],"version-history":[{"count":0,"href":"https:\/\/www.lavras24horas.com.br\/portal\/wp-json\/wp\/v2\/posts\/217363\/revisions"}],"wp:featuredmedia":[{"embeddable":true,"href":"https:\/\/www.lavras24horas.com.br\/portal\/wp-json\/wp\/v2\/media\/217367"}],"wp:attachment":[{"href":"https:\/\/www.lavras24horas.com.br\/portal\/wp-json\/wp\/v2\/media?parent=217363"}],"wp:term":[{"taxonomy":"category","embeddable":true,"href":"https:\/\/www.lavras24horas.com.br\/portal\/wp-json\/wp\/v2\/categories?post=217363"},{"taxonomy":"post_tag","embeddable":true,"href":"https:\/\/www.lavras24horas.com.br\/portal\/wp-json\/wp\/v2\/tags?post=217363"}],"curies":[{"name":"wp","href":"https:\/\/api.w.org\/{rel}","templated":true}]}}