{"id":214363,"date":"2016-12-12T11:39:12","date_gmt":"2016-12-12T13:39:12","guid":{"rendered":"http:\/\/www.lavras24horas.com.br\/portal\/?p=214363"},"modified":"2016-12-12T11:39:12","modified_gmt":"2016-12-12T13:39:12","slug":"novo-radar-proximo-ao-parque-quedas-do-rio-bonito-vai-entrar-em-funcionamento-em-breve","status":"publish","type":"post","link":"https:\/\/www.lavras24horas.com.br\/portal\/novo-radar-proximo-ao-parque-quedas-do-rio-bonito-vai-entrar-em-funcionamento-em-breve\/","title":{"rendered":"Novo radar pr\u00f3ximo ao Parque Quedas do Rio Bonito vai entrar em funcionamento  em breve"},"content":{"rendered":"<p align=\"justify\"><span style=\"color: #000000;\"><span style=\"font-family: Arial, sans-serif;\"><span style=\"font-size: small;\">A regi\u00e3o de Lavras contar\u00e1 com um novo radar que dever\u00e1 entrar em opera\u00e7\u00e3o nos pr\u00f3ximos 30 dias segundo o O Departamento de Edifica\u00e7\u00f5es e Estradas de Rodagem de Minas Gerais (DEER\/MG) de Oliveira . O equipamento est\u00e1 instalado na Rodovia MGC 354 , que liga Lavras a Lumin\u00e1rias e servir\u00e1 de redutor nos dois sentidos da via, este equipamento n\u00e3o possui visor ( que \u00e9 quando um painel mostra a velocidade que o veiculo passou por aquele ponto), o radar s\u00f3 depende de instala\u00e7\u00e3o el\u00e9trica para come\u00e7ar a operar.<\/span><\/span><\/span><\/p>\n<p align=\"justify\"><span style=\"color: #000000;\"><span style=\"font-family: Arial, sans-serif;\"><span style=\"font-size: small;\">De acordo com a Pol\u00edcia Militar Rodovi\u00e1ria, o radar ser\u00e1 no KM 568, local considerado perigoso e com alto \u00edndice de acidentes.<\/span><\/span><\/span><\/p>\n<p align=\"justify\"><span style=\"color: #000000;\"><span style=\"font-family: Arial, sans-serif;\"><span style=\"font-size: small;\">Al\u00e9m do novo radar , o DEER informa que outros equipamentos j\u00e1 instalados est\u00e3o sendo reativados como no caso dos radares da rodovia que liga Lavras a Ijaci, a MG 335.Ao todo na regi\u00e3o sob a jurisdi\u00e7\u00e3o do DEER de Oliveira, ser\u00e3o seis novos radares, e reativa\u00e7\u00e3o de cinco j\u00e1 instalados nas rodovias estaduais .<\/span><\/span><\/span><\/p>\n<p align=\"justify\"><span style=\"color: #000000;\"><span style=\"font-family: Arial, sans-serif;\"><span style=\"font-size: small;\">Em todo estado de Minas Gerais o DEER est\u00e1 investindo R$ 77,69 milh\u00f5es no contrato dos radares, pelo per\u00edodo de 30 meses. Ao todo, ser\u00e3o implantados 393 equipamentos fixos nas rodovias mineiras. Outros 13 equipamentos m\u00f3veis tamb\u00e9m contribuir\u00e3o para garantir a seguran\u00e7a nas estradas.<\/span><\/span><\/span><\/p>\n<p align=\"justify\">\n","protected":false},"excerpt":{"rendered":"<p>A regi\u00e3o de Lavras contar\u00e1 com um novo radar que dever\u00e1 entrar em opera\u00e7\u00e3o nos pr\u00f3ximos 30 dias segundo o O Departamento de Edifica\u00e7\u00f5es e Estradas de Rodagem de Minas Gerais (DEER\/MG) de Oliveira . O equipamento est\u00e1 instalado na Rodovia MGC 354 , que liga Lavras a Lumin\u00e1rias e servir\u00e1 de redutor nos dois [&hellip;]<\/p>\n","protected":false},"author":7,"featured_media":214364,"comment_status":"closed","ping_status":"closed","sticky":false,"template":"","format":"standard","meta":{"advanced_seo_description":"","jetpack_seo_html_title":"","jetpack_seo_noindex":false,"_jetpack_memberships_contains_paid_content":false,"footnotes":""},"categories":[13,4,79],"tags":[5479,5174,3233,7617,777,3465,1137,5478,6104,887,1043],"class_list":["post-214363","post","type-post","status-publish","format-standard","has-post-thumbnail","hentry","category-laterais-1","category-lavras","category-regiao","tag-bonito","tag-breve","tag-entrar","tag-funcionamento","tag-novo","tag-parque","tag-proximo","tag-quedas","tag-radar","tag-rio","tag-vai"],"jetpack_featured_media_url":"https:\/\/i0.wp.com\/www.lavras24horas.com.br\/portal\/wp-content\/uploads\/2016\/12\/radar-de-velocidade.jpg?fit=640%2C360&ssl=1","jetpack_sharing_enabled":true,"jetpack_likes_enabled":true,"_links":{"self":[{"href":"https:\/\/www.lavras24horas.com.br\/portal\/wp-json\/wp\/v2\/posts\/214363","targetHints":{"allow":["GET"]}}],"collection":[{"href":"https:\/\/www.lavras24horas.com.br\/portal\/wp-json\/wp\/v2\/posts"}],"about":[{"href":"https:\/\/www.lavras24horas.com.br\/portal\/wp-json\/wp\/v2\/types\/post"}],"author":[{"embeddable":true,"href":"https:\/\/www.lavras24horas.com.br\/portal\/wp-json\/wp\/v2\/users\/7"}],"replies":[{"embeddable":true,"href":"https:\/\/www.lavras24horas.com.br\/portal\/wp-json\/wp\/v2\/comments?post=214363"}],"version-history":[{"count":0,"href":"https:\/\/www.lavras24horas.com.br\/portal\/wp-json\/wp\/v2\/posts\/214363\/revisions"}],"wp:featuredmedia":[{"embeddable":true,"href":"https:\/\/www.lavras24horas.com.br\/portal\/wp-json\/wp\/v2\/media\/214364"}],"wp:attachment":[{"href":"https:\/\/www.lavras24horas.com.br\/portal\/wp-json\/wp\/v2\/media?parent=214363"}],"wp:term":[{"taxonomy":"category","embeddable":true,"href":"https:\/\/www.lavras24horas.com.br\/portal\/wp-json\/wp\/v2\/categories?post=214363"},{"taxonomy":"post_tag","embeddable":true,"href":"https:\/\/www.lavras24horas.com.br\/portal\/wp-json\/wp\/v2\/tags?post=214363"}],"curies":[{"name":"wp","href":"https:\/\/api.w.org\/{rel}","templated":true}]}}