{"id":213939,"date":"2016-12-01T16:04:58","date_gmt":"2016-12-01T18:04:58","guid":{"rendered":"http:\/\/www.lavras24horas.com.br\/portal\/?p=213939"},"modified":"2016-12-01T16:06:39","modified_gmt":"2016-12-01T18:06:39","slug":"jovem-sofre-tentativa-de-homicidio-em-lavras","status":"publish","type":"post","link":"https:\/\/www.lavras24horas.com.br\/portal\/jovem-sofre-tentativa-de-homicidio-em-lavras\/","title":{"rendered":"Jovem sofre tentativa de homic\u00eddio em Lavras"},"content":{"rendered":"<p>Um rapaz de 25 anos foi atingido por disparos de arma de fogo por volta das 10h dessa quinta-feira (1\u00ba), no &#8220;beco&#8221; da rua Rufino Alves Costa no Bairro Vila Mariana. O jovem se chama Daniel e tem apelido de &#8220;Guaran\u00e1&#8221;.<\/p>\n<p>De acordo com a pol\u00edcia militar foram 4 tiros nas costas e um no t\u00f3rax, a vitima \u00a0 foi socorrida pelos Bombeiros e encaminhada at\u00e9 a Unidade de Pronto Atendimento onde chegou consciente e permaneceu est\u00e1vel, \u00a0depois \u00a0ele transferido para a Santa Casa de Miseric\u00f3rdia de Lavras onde passou por cirurgia.<\/p>\n<p>Dois suspeitos do crime, sendo um menor de 14 anos foram conduzidos para a Delegacia de Pol\u00edcia Civil e o delegado de homic\u00eddios Dr. Rafael Arruda apura os fatos. A suspeita \u00e9 de que o crime tenha liga\u00e7\u00e3o com desaven\u00e7as por tr\u00e1fico de drogas.<\/p>\n<p>&nbsp;<\/p>\n","protected":false},"excerpt":{"rendered":"<p>Um rapaz de 25 anos foi atingido por disparos de arma de fogo por volta das 10h dessa quinta-feira (1\u00ba), no &#8220;beco&#8221; da rua Rufino Alves Costa no Bairro Vila Mariana. O jovem se chama Daniel e tem apelido de &#8220;Guaran\u00e1&#8221;. De acordo com a pol\u00edcia militar foram 4 tiros nas costas e um no [&hellip;]<\/p>\n","protected":false},"author":7,"featured_media":213942,"comment_status":"closed","ping_status":"closed","sticky":false,"template":"","format":"standard","meta":{"advanced_seo_description":"","jetpack_seo_html_title":"","jetpack_seo_noindex":false,"_jetpack_memberships_contains_paid_content":false,"footnotes":""},"categories":[13077,4,79],"tags":[1127,1984,169,608,739],"class_list":["post-213939","post","type-post","status-publish","format-standard","has-post-thumbnail","hentry","category-laterais-2","category-lavras","category-regiao","tag-homicidio","tag-jovem","tag-lavras-2","tag-sofre","tag-tentativa"],"jetpack_featured_media_url":"https:\/\/i0.wp.com\/www.lavras24horas.com.br\/portal\/wp-content\/uploads\/2016\/12\/15304042_1212549655500125_1891494693_o.jpg?fit=960%2C1280&ssl=1","jetpack_sharing_enabled":true,"jetpack_likes_enabled":true,"jetpack_shortlink":"https:\/\/wp.me\/p12djN-TED","_links":{"self":[{"href":"https:\/\/www.lavras24horas.com.br\/portal\/wp-json\/wp\/v2\/posts\/213939","targetHints":{"allow":["GET"]}}],"collection":[{"href":"https:\/\/www.lavras24horas.com.br\/portal\/wp-json\/wp\/v2\/posts"}],"about":[{"href":"https:\/\/www.lavras24horas.com.br\/portal\/wp-json\/wp\/v2\/types\/post"}],"author":[{"embeddable":true,"href":"https:\/\/www.lavras24horas.com.br\/portal\/wp-json\/wp\/v2\/users\/7"}],"replies":[{"embeddable":true,"href":"https:\/\/www.lavras24horas.com.br\/portal\/wp-json\/wp\/v2\/comments?post=213939"}],"version-history":[{"count":0,"href":"https:\/\/www.lavras24horas.com.br\/portal\/wp-json\/wp\/v2\/posts\/213939\/revisions"}],"wp:featuredmedia":[{"embeddable":true,"href":"https:\/\/www.lavras24horas.com.br\/portal\/wp-json\/wp\/v2\/media\/213942"}],"wp:attachment":[{"href":"https:\/\/www.lavras24horas.com.br\/portal\/wp-json\/wp\/v2\/media?parent=213939"}],"wp:term":[{"taxonomy":"category","embeddable":true,"href":"https:\/\/www.lavras24horas.com.br\/portal\/wp-json\/wp\/v2\/categories?post=213939"},{"taxonomy":"post_tag","embeddable":true,"href":"https:\/\/www.lavras24horas.com.br\/portal\/wp-json\/wp\/v2\/tags?post=213939"}],"curies":[{"name":"wp","href":"https:\/\/api.w.org\/{rel}","templated":true}]}}