{"id":212417,"date":"2016-10-23T00:12:19","date_gmt":"2016-10-23T02:12:19","guid":{"rendered":"http:\/\/www.lavras24horas.com.br\/portal\/?p=212417"},"modified":"2016-10-23T10:59:29","modified_gmt":"2016-10-23T12:59:29","slug":"mais-um-homicidio-foi-registrado-em-lavras-o-2o-essa-semana","status":"publish","type":"post","link":"https:\/\/www.lavras24horas.com.br\/portal\/mais-um-homicidio-foi-registrado-em-lavras-o-2o-essa-semana\/","title":{"rendered":"Mais um homic\u00eddio foi registrado em Lavras &#8211; o 2\u00ba essa semana"},"content":{"rendered":"<p>Um \u00a0jovem de 22 anos \u00a0foi morto \u00a0a tiros na noite desse s\u00e1bado (22).<\/p>\n<p>Segundo as primeiras informa\u00e7\u00f5es da Pol\u00edcia Militar, a v\u00edtima identificada como Rom\u00e1rio \u00a0Aquino da Concei\u00e7\u00e3o , foi encontrada ca\u00edda de bru\u00e7os na rua Cap. Luiz Gomes de Morais , Bairro Lavrinhas. Ele foi atingido por pelo menos 5 tiros nas \u00a0regi\u00f5es \u00a0da\u00a0cabe\u00e7a, pesco\u00e7o e do quadril.<\/p>\n<p>Rom\u00e1rio possu\u00eda diversas passagens pela pol\u00edcia, incluindo por homic\u00eddio em Agosto de 2014, quando \u00a0ele confessou ter matado \u00a0a tiros Rafael \u00a0de Oliveira \u00a0Reinaldo de 17 anos, pr\u00f3ximo \u00e0 escadaria\u00a0do bairro Jardim Gl\u00f3ria, na \u00e9poca Rafael ainda chegou a ser socorrido mas n\u00e3o resistiu aos ferimentos. Rom\u00e1rio\u00a0recebeu liberdade provis\u00f3ria em Julho deste ano quase 2 anos ap\u00f3s o crime.<\/p>\n<p>A Pol\u00edcia Militar ainda levanta informa\u00e7\u00f5es sobre a autoria do crime. Este foi o segundo homic\u00eddio da semana e o terceiro do ano.<\/p>\n<p>&nbsp;<\/p>\n<p>&nbsp;<\/p>\n","protected":false},"excerpt":{"rendered":"<p>Um \u00a0jovem de 22 anos \u00a0foi morto \u00a0a tiros na noite desse s\u00e1bado (22). Segundo as primeiras informa\u00e7\u00f5es da Pol\u00edcia Militar, a v\u00edtima identificada como Rom\u00e1rio \u00a0Aquino da Concei\u00e7\u00e3o , foi encontrada ca\u00edda de bru\u00e7os na rua Cap. Luiz Gomes de Morais , Bairro Lavrinhas. Ele foi atingido por pelo menos 5 tiros nas \u00a0regi\u00f5es [&hellip;]<\/p>\n","protected":false},"author":7,"featured_media":194142,"comment_status":"closed","ping_status":"closed","sticky":false,"template":"","format":"standard","meta":{"advanced_seo_description":"","jetpack_seo_html_title":"","jetpack_seo_noindex":false,"_jetpack_memberships_contains_paid_content":false,"footnotes":""},"categories":[14,4],"tags":[20354,6212,1595,1127,169,814,593,2414,767],"class_list":["post-212417","post","type-post","status-publish","format-standard","has-post-thumbnail","hentry","category-destaques-2","category-lavras","tag-2o","tag-essa","tag-foi","tag-homicidio","tag-lavras-2","tag-mais","tag-o","tag-registrado","tag-semana"],"jetpack_featured_media_url":"https:\/\/i0.wp.com\/www.lavras24horas.com.br\/portal\/wp-content\/uploads\/2015\/07\/giroflex-PM-660x330.jpg?fit=660%2C330&ssl=1","jetpack_sharing_enabled":true,"jetpack_likes_enabled":true,"_links":{"self":[{"href":"https:\/\/www.lavras24horas.com.br\/portal\/wp-json\/wp\/v2\/posts\/212417","targetHints":{"allow":["GET"]}}],"collection":[{"href":"https:\/\/www.lavras24horas.com.br\/portal\/wp-json\/wp\/v2\/posts"}],"about":[{"href":"https:\/\/www.lavras24horas.com.br\/portal\/wp-json\/wp\/v2\/types\/post"}],"author":[{"embeddable":true,"href":"https:\/\/www.lavras24horas.com.br\/portal\/wp-json\/wp\/v2\/users\/7"}],"replies":[{"embeddable":true,"href":"https:\/\/www.lavras24horas.com.br\/portal\/wp-json\/wp\/v2\/comments?post=212417"}],"version-history":[{"count":0,"href":"https:\/\/www.lavras24horas.com.br\/portal\/wp-json\/wp\/v2\/posts\/212417\/revisions"}],"wp:featuredmedia":[{"embeddable":true,"href":"https:\/\/www.lavras24horas.com.br\/portal\/wp-json\/wp\/v2\/media\/194142"}],"wp:attachment":[{"href":"https:\/\/www.lavras24horas.com.br\/portal\/wp-json\/wp\/v2\/media?parent=212417"}],"wp:term":[{"taxonomy":"category","embeddable":true,"href":"https:\/\/www.lavras24horas.com.br\/portal\/wp-json\/wp\/v2\/categories?post=212417"},{"taxonomy":"post_tag","embeddable":true,"href":"https:\/\/www.lavras24horas.com.br\/portal\/wp-json\/wp\/v2\/tags?post=212417"}],"curies":[{"name":"wp","href":"https:\/\/api.w.org\/{rel}","templated":true}]}}