{"id":212391,"date":"2016-10-22T13:42:55","date_gmt":"2016-10-22T15:42:55","guid":{"rendered":"http:\/\/www.lavras24horas.com.br\/portal\/?p=212391"},"modified":"2016-10-22T13:55:47","modified_gmt":"2016-10-22T15:55:47","slug":"homicidio-esta-ligado-a-roubo-a-escola-cristiano-de-souza-diz-policia","status":"publish","type":"post","link":"https:\/\/www.lavras24horas.com.br\/portal\/homicidio-esta-ligado-a-roubo-a-escola-cristiano-de-souza-diz-policia\/","title":{"rendered":"Homic\u00eddio est\u00e1 ligado a roubo na Escola Cristiano de Souza, diz pol\u00edcia \u00a0"},"content":{"rendered":"<p>&nbsp;<\/p>\n<p><strong>\u00a0<\/strong><\/p>\n<p style=\"text-align: justify;\">A equipe de investigadores da Delegacia de Furtos e Roubos, coordenada pelo delegado Dr. Alexandre Rezende de Vieira, divulgou nessa sexta-feira, dia 21, que o assassinato ocorrido no bairro Bandeirante est\u00e1 ligado diretamente ao roubo e depreda\u00e7\u00e3o da Escola Estadual Cristiano de Souza.<\/p>\n<p style=\"text-align: justify;\">O roubo \u00e0 escola ocorreu no \u00faltimo final de semana, onde o grupo invadiu o local levando v\u00e1rios objetos e depredando o espa\u00e7o. Foram roubados equipamentos eletr\u00f4nicos, entre eles: TVs, v\u00e1rios tablets, projetores, computador, espremedor de frutas industrial, minisystems, amplificador de som e m\u00e1quinas fotogr\u00e1ficas. Al\u00e9m disso, materiais de esporte foram danificados, como bolas e redes.<\/p>\n<p style=\"text-align: justify;\">O suspeitou Gian Maycon da Cruz, 19 anos, matou a facadas Eduardo Durval da Silva, de 24 anos, conhecido como &#8220;Grilo&#8221;, na tarde de quarta-feira, dia 14. Ele se apresentou \u00e0 pol\u00edcia horas depois do crime. Atrav\u00e9s da equipe do Departamento Homic\u00eddios e Tr\u00e1fico, coordenado pelo delegado Dr. Rafael Arruda, ele confessou o crime.<\/p>\n<figure id=\"attachment_212393\" aria-describedby=\"caption-attachment-212393\" style=\"width: 586px\" class=\"wp-caption aligncenter\"><img data-recalc-dims=\"1\" fetchpriority=\"high\" decoding=\"async\" data-attachment-id=\"212393\" data-permalink=\"https:\/\/www.lavras24horas.com.br\/portal\/homicidio-esta-ligado-a-roubo-a-escola-cristiano-de-souza-diz-policia\/fb0479f8-1871-4c12-b4f5-634580eeea39\/\" data-orig-file=\"https:\/\/i0.wp.com\/www.lavras24horas.com.br\/portal\/wp-content\/uploads\/2016\/10\/fb0479f8-1871-4c12-b4f5-634580eeea39.jpg?fit=1280%2C720&amp;ssl=1\" data-orig-size=\"1280,720\" data-comments-opened=\"0\" data-image-meta=\"{&quot;aperture&quot;:&quot;0&quot;,&quot;credit&quot;:&quot;&quot;,&quot;camera&quot;:&quot;&quot;,&quot;caption&quot;:&quot;&quot;,&quot;created_timestamp&quot;:&quot;0&quot;,&quot;copyright&quot;:&quot;&quot;,&quot;focal_length&quot;:&quot;0&quot;,&quot;iso&quot;:&quot;0&quot;,&quot;shutter_speed&quot;:&quot;0&quot;,&quot;title&quot;:&quot;&quot;,&quot;orientation&quot;:&quot;0&quot;}\" data-image-title=\"fb0479f8-1871-4c12-b4f5-634580eeea39\" data-image-description=\"\" data-image-caption=\"&lt;p&gt;Parte do material furtado na escola (cr\u00e9dito Pol\u00edcia Civil) &lt;\/p&gt;\n\" data-large-file=\"https:\/\/i0.wp.com\/www.lavras24horas.com.br\/portal\/wp-content\/uploads\/2016\/10\/fb0479f8-1871-4c12-b4f5-634580eeea39.jpg?fit=586%2C330&amp;ssl=1\" class=\"wp-image-212393 size-large\" src=\"https:\/\/i0.wp.com\/www.lavras24horas.com.br\/portal\/wp-content\/uploads\/2016\/10\/fb0479f8-1871-4c12-b4f5-634580eeea39-586x330.jpg?resize=586%2C330\" alt=\"Parte do material furtado na escola (cr\u00e9dito Pol\u00edcia Civil) \" width=\"586\" height=\"330\" srcset=\"https:\/\/i0.wp.com\/www.lavras24horas.com.br\/portal\/wp-content\/uploads\/2016\/10\/fb0479f8-1871-4c12-b4f5-634580eeea39.jpg?resize=586%2C330&amp;ssl=1 586w, https:\/\/i0.wp.com\/www.lavras24horas.com.br\/portal\/wp-content\/uploads\/2016\/10\/fb0479f8-1871-4c12-b4f5-634580eeea39.jpg?w=1280&amp;ssl=1 1280w\" sizes=\"(max-width: 586px) 100vw, 586px\" \/><figcaption id=\"caption-attachment-212393\" class=\"wp-caption-text\">Parte do material furtado na escola (cr\u00e9dito Pol\u00edcia Civil)<\/figcaption><\/figure>\n<p style=\"text-align: justify;\">Gian Maycon da Cruz disse que o crime foi motivado por uma desaven\u00e7a desencadeada com \u201cGrilo\u201d depois que os dois firmaram um acordo com a partilha dos bens roubados da escola. Al\u00e9m de Gian, o roubo na escola contou com participa\u00e7\u00e3o de \u201cGrilo\u201d, do suspeito Anderson Silva Machado (<strong>foto<\/strong>) e mais dois menores. A Pol\u00edcia Civil recuperou parte do material roubada da escola.<\/p>\n","protected":false},"excerpt":{"rendered":"<p>&nbsp; \u00a0 A equipe de investigadores da Delegacia de Furtos e Roubos, coordenada pelo delegado Dr. Alexandre Rezende de Vieira, divulgou nessa sexta-feira, dia 21, que o assassinato ocorrido no bairro Bandeirante est\u00e1 ligado diretamente ao roubo e depreda\u00e7\u00e3o da Escola Estadual Cristiano de Souza. O roubo \u00e0 escola ocorreu no \u00faltimo final de semana, [&hellip;]<\/p>\n","protected":false},"author":7,"featured_media":212392,"comment_status":"closed","ping_status":"closed","sticky":false,"template":"","format":"standard","meta":{"advanced_seo_description":"","jetpack_seo_html_title":"","jetpack_seo_noindex":false,"_jetpack_memberships_contains_paid_content":false,"footnotes":""},"categories":[13,4],"tags":[512,11157,1265,468,581,1127,4383,180,740,1381],"class_list":["post-212391","post","type-post","status-publish","format-standard","has-post-thumbnail","hentry","category-laterais-1","category-lavras","tag-a","tag-cristiano","tag-diz","tag-escola","tag-esta","tag-homicidio","tag-ligado","tag-policia","tag-roubo","tag-souza"],"jetpack_featured_media_url":"https:\/\/i0.wp.com\/www.lavras24horas.com.br\/portal\/wp-content\/uploads\/2016\/10\/f8021668-f1fd-4a24-9444-8f39b1b337c7-Copia-Copia.jpg?fit=720%2C489&ssl=1","jetpack_sharing_enabled":true,"jetpack_likes_enabled":true,"_links":{"self":[{"href":"https:\/\/www.lavras24horas.com.br\/portal\/wp-json\/wp\/v2\/posts\/212391","targetHints":{"allow":["GET"]}}],"collection":[{"href":"https:\/\/www.lavras24horas.com.br\/portal\/wp-json\/wp\/v2\/posts"}],"about":[{"href":"https:\/\/www.lavras24horas.com.br\/portal\/wp-json\/wp\/v2\/types\/post"}],"author":[{"embeddable":true,"href":"https:\/\/www.lavras24horas.com.br\/portal\/wp-json\/wp\/v2\/users\/7"}],"replies":[{"embeddable":true,"href":"https:\/\/www.lavras24horas.com.br\/portal\/wp-json\/wp\/v2\/comments?post=212391"}],"version-history":[{"count":0,"href":"https:\/\/www.lavras24horas.com.br\/portal\/wp-json\/wp\/v2\/posts\/212391\/revisions"}],"wp:featuredmedia":[{"embeddable":true,"href":"https:\/\/www.lavras24horas.com.br\/portal\/wp-json\/wp\/v2\/media\/212392"}],"wp:attachment":[{"href":"https:\/\/www.lavras24horas.com.br\/portal\/wp-json\/wp\/v2\/media?parent=212391"}],"wp:term":[{"taxonomy":"category","embeddable":true,"href":"https:\/\/www.lavras24horas.com.br\/portal\/wp-json\/wp\/v2\/categories?post=212391"},{"taxonomy":"post_tag","embeddable":true,"href":"https:\/\/www.lavras24horas.com.br\/portal\/wp-json\/wp\/v2\/tags?post=212391"}],"curies":[{"name":"wp","href":"https:\/\/api.w.org\/{rel}","templated":true}]}}