{"id":209534,"date":"2016-08-08T15:33:53","date_gmt":"2016-08-08T18:33:53","guid":{"rendered":"http:\/\/www.lavras24horas.com.br\/portal\/?p=209534"},"modified":"2016-08-08T15:33:53","modified_gmt":"2016-08-08T18:33:53","slug":"homem-e-preso-por-tentativa-de-homicidio-em-ijaci","status":"publish","type":"post","link":"https:\/\/www.lavras24horas.com.br\/portal\/homem-e-preso-por-tentativa-de-homicidio-em-ijaci\/","title":{"rendered":"Homem \u00e9 preso por tentativa de homic\u00eddio em Ijaci"},"content":{"rendered":"<p><span style=\"font-family: Arial, sans-serif;\"><span style=\"color: #00000a;\"><span style=\"font-size: medium;\">Um homem foi preso por tentativa de homic\u00eddio na madrugada desse domingo (07\/08), em Ijaci.<\/span><\/span><\/span><\/p>\n<p><span style=\"font-family: Arial, sans-serif;\"><span style=\"color: #00000a;\"><span style=\"font-size: medium;\">Segundo a PM, os policiais foram at\u00e9 a\u00a0rua Jo\u00e3o Corr\u00eaa no Centro, onde estava ocorrendo uma briga. Durante o deslocamento, eles\u00a0\u00a0foram informados que uma v\u00edtima da confus\u00e3o havia dado entrada no pronto socorro.<\/span><\/span><\/span><\/p>\n<p><span style=\"font-family: Arial, sans-serif;\"><span style=\"color: #00000a;\"><span style=\"font-size: medium;\">No local, populares informaram \u00e0 PM que um indiv\u00edduo teria atingido a v\u00edtima com um machado, o que provocou les\u00f5es na m\u00e3o esquerda e no bra\u00e7o direito. A v\u00edtima relatou que foi atingida quando o agressor tentou invadir sua casa em busca de seu marido.<\/span><\/span><\/span><\/p>\n<p><span style=\"font-family: Arial, sans-serif;\"><span style=\"color: #00000a;\"><span style=\"font-size: medium;\">O autor foi preso e encaminhado \u00e0 Delegacia de Pol\u00edcia\u00a0Civil de Lavras.<\/span><\/span><\/span><\/p>\n","protected":false},"excerpt":{"rendered":"<p>Um homem foi preso por tentativa de homic\u00eddio na madrugada desse domingo (07\/08), em Ijaci. Segundo a PM, os policiais foram at\u00e9 a\u00a0rua Jo\u00e3o Corr\u00eaa no Centro, onde estava ocorrendo uma briga. Durante o deslocamento, eles\u00a0\u00a0foram informados que uma v\u00edtima da confus\u00e3o havia dado entrada no pronto socorro. No local, populares informaram \u00e0 PM que [&hellip;]<\/p>\n","protected":false},"author":7,"featured_media":208029,"comment_status":"closed","ping_status":"closed","sticky":false,"template":"","format":"standard","meta":{"advanced_seo_description":"","jetpack_seo_html_title":"","jetpack_seo_noindex":false,"_jetpack_memberships_contains_paid_content":false,"footnotes":""},"categories":[14,79],"tags":[454,602,1127,1873,1778,739],"class_list":["post-209534","post","type-post","status-publish","format-standard","has-post-thumbnail","hentry","category-destaques-2","category-regiao","tag-e","tag-homem","tag-homicidio","tag-ijaci","tag-preso","tag-tentativa"],"jetpack_featured_media_url":"https:\/\/i0.wp.com\/www.lavras24horas.com.br\/portal\/wp-content\/uploads\/2016\/07\/giroflex.jpg?fit=1024%2C649&ssl=1","jetpack_sharing_enabled":true,"jetpack_likes_enabled":true,"_links":{"self":[{"href":"https:\/\/www.lavras24horas.com.br\/portal\/wp-json\/wp\/v2\/posts\/209534","targetHints":{"allow":["GET"]}}],"collection":[{"href":"https:\/\/www.lavras24horas.com.br\/portal\/wp-json\/wp\/v2\/posts"}],"about":[{"href":"https:\/\/www.lavras24horas.com.br\/portal\/wp-json\/wp\/v2\/types\/post"}],"author":[{"embeddable":true,"href":"https:\/\/www.lavras24horas.com.br\/portal\/wp-json\/wp\/v2\/users\/7"}],"replies":[{"embeddable":true,"href":"https:\/\/www.lavras24horas.com.br\/portal\/wp-json\/wp\/v2\/comments?post=209534"}],"version-history":[{"count":0,"href":"https:\/\/www.lavras24horas.com.br\/portal\/wp-json\/wp\/v2\/posts\/209534\/revisions"}],"wp:featuredmedia":[{"embeddable":true,"href":"https:\/\/www.lavras24horas.com.br\/portal\/wp-json\/wp\/v2\/media\/208029"}],"wp:attachment":[{"href":"https:\/\/www.lavras24horas.com.br\/portal\/wp-json\/wp\/v2\/media?parent=209534"}],"wp:term":[{"taxonomy":"category","embeddable":true,"href":"https:\/\/www.lavras24horas.com.br\/portal\/wp-json\/wp\/v2\/categories?post=209534"},{"taxonomy":"post_tag","embeddable":true,"href":"https:\/\/www.lavras24horas.com.br\/portal\/wp-json\/wp\/v2\/tags?post=209534"}],"curies":[{"name":"wp","href":"https:\/\/api.w.org\/{rel}","templated":true}]}}