{"id":206852,"date":"2016-06-02T09:39:39","date_gmt":"2016-06-02T12:39:39","guid":{"rendered":"http:\/\/www.lavras24horas.com.br\/portal\/?p=206852"},"modified":"2016-06-02T09:40:36","modified_gmt":"2016-06-02T12:40:36","slug":"206852","status":"publish","type":"post","link":"https:\/\/www.lavras24horas.com.br\/portal\/206852\/","title":{"rendered":"Estudantes t\u00eam at\u00e9 hoje para se inscrever no Sisu do segundo semestre"},"content":{"rendered":"<p style=\"text-align: justify;\">Termina hoje (2) o prazo de inscri\u00e7\u00e3o para quem quer concorrer a uma vaga no ensino superior p\u00fablico pelo Sistema de Sele\u00e7\u00e3o Unificada (Sisu). Podem participar os estudantes que fizeram o Exame Nacional do Ensino M\u00e9dio (Enem) de 2015 e n\u00e3o tiraram 0 na reda\u00e7\u00e3o. Nesta edi\u00e7\u00e3o, s\u00e3o ofertadas 56.422 vagas em 65 universidades federais e estaduais e institutos federais para o segundo semestre deste ano.<\/p>\n<p style=\"text-align: justify;\">As inscri\u00e7\u00f5es s\u00e3o feitas online, no site do Sisu. Ao fazer a inscri\u00e7\u00e3o, o candidato deve escolher, por ordem de prefer\u00eancia, at\u00e9 duas op\u00e7\u00f5es entre as vagas ofertadas pelas institui\u00e7\u00f5es participantes do Sisu. O candidato tamb\u00e9m deve definir se deseja concorrer a vagas de ampla concorr\u00eancia ou a vagas reservadas a a\u00e7\u00f5es afirmativas. Durante o per\u00edodo de inscri\u00e7\u00e3o, o candidato pode alterar suas op\u00e7\u00f5es. Ser\u00e1 considerada v\u00e1lida a \u00faltima inscri\u00e7\u00e3o confirmada.<\/p>\n<p style=\"text-align: justify;\">\u00daltima nota de corte<\/p>\n<p style=\"text-align: justify;\">Os candidatos t\u00eam acesso hoje \u00e0 \u00faltima nota de corte. Desde o in\u00edcio das inscri\u00e7\u00f5es, uma vez por dia \u00e9 divulgada a nota de corte de cada curso, com base no n\u00famero de vagas dispon\u00edveis e no total dos candidatos inscritos naquele curso, por modalidade de concorr\u00eancia. A nota de corte \u00e9 apenas uma refer\u00eancia para auxiliar o candidato no monitoramento de sua inscri\u00e7\u00e3o, n\u00e3o sendo garantia de sele\u00e7\u00e3o para a vaga ofertada.<\/p>\n<p style=\"text-align: justify;\">O resultado ser\u00e1 divulgado no dia 6 de junho e a matr\u00edcula dever\u00e1 ser feita entre os dias 10 e 14. Aqueles que n\u00e3o forem selecionados poder\u00e3o participar da lista de espera, entre 6 e 17 de junho. Os candidatos na lista come\u00e7ar\u00e3o a ser convocados a partir do dia 23 de junho.<\/p>\n","protected":false},"excerpt":{"rendered":"<p>Termina hoje (2) o prazo de inscri\u00e7\u00e3o para quem quer concorrer a uma vaga no ensino superior p\u00fablico pelo Sistema de Sele\u00e7\u00e3o Unificada (Sisu). Podem participar os estudantes que fizeram o Exame Nacional do Ensino M\u00e9dio (Enem) de 2015 e n\u00e3o tiraram 0 na reda\u00e7\u00e3o. Nesta edi\u00e7\u00e3o, s\u00e3o ofertadas 56.422 vagas em 65 universidades federais [&hellip;]<\/p>\n","protected":false},"author":7,"featured_media":206853,"comment_status":"closed","ping_status":"closed","sticky":false,"template":"","format":"standard","meta":{"advanced_seo_description":"","jetpack_seo_html_title":"","jetpack_seo_noindex":false,"_jetpack_memberships_contains_paid_content":false,"footnotes":""},"categories":[4],"tags":[],"class_list":["post-206852","post","type-post","status-publish","format-standard","has-post-thumbnail","hentry","category-lavras"],"jetpack_featured_media_url":"https:\/\/i0.wp.com\/www.lavras24horas.com.br\/portal\/wp-content\/uploads\/2016\/06\/9.jpg?fit=620%2C349&ssl=1","jetpack_sharing_enabled":true,"jetpack_likes_enabled":true,"jetpack_shortlink":"https:\/\/wp.me\/s12djN-206852","_links":{"self":[{"href":"https:\/\/www.lavras24horas.com.br\/portal\/wp-json\/wp\/v2\/posts\/206852","targetHints":{"allow":["GET"]}}],"collection":[{"href":"https:\/\/www.lavras24horas.com.br\/portal\/wp-json\/wp\/v2\/posts"}],"about":[{"href":"https:\/\/www.lavras24horas.com.br\/portal\/wp-json\/wp\/v2\/types\/post"}],"author":[{"embeddable":true,"href":"https:\/\/www.lavras24horas.com.br\/portal\/wp-json\/wp\/v2\/users\/7"}],"replies":[{"embeddable":true,"href":"https:\/\/www.lavras24horas.com.br\/portal\/wp-json\/wp\/v2\/comments?post=206852"}],"version-history":[{"count":0,"href":"https:\/\/www.lavras24horas.com.br\/portal\/wp-json\/wp\/v2\/posts\/206852\/revisions"}],"wp:featuredmedia":[{"embeddable":true,"href":"https:\/\/www.lavras24horas.com.br\/portal\/wp-json\/wp\/v2\/media\/206853"}],"wp:attachment":[{"href":"https:\/\/www.lavras24horas.com.br\/portal\/wp-json\/wp\/v2\/media?parent=206852"}],"wp:term":[{"taxonomy":"category","embeddable":true,"href":"https:\/\/www.lavras24horas.com.br\/portal\/wp-json\/wp\/v2\/categories?post=206852"},{"taxonomy":"post_tag","embeddable":true,"href":"https:\/\/www.lavras24horas.com.br\/portal\/wp-json\/wp\/v2\/tags?post=206852"}],"curies":[{"name":"wp","href":"https:\/\/api.w.org\/{rel}","templated":true}]}}