{"id":206692,"date":"2016-05-29T18:33:08","date_gmt":"2016-05-29T21:33:08","guid":{"rendered":"http:\/\/www.lavras24horas.com.br\/portal\/?p=206692"},"modified":"2016-05-29T18:33:08","modified_gmt":"2016-05-29T21:33:08","slug":"atletico-mg-cede-empate-ao-vitoria-e-segue-sem-vencer-com-marcelo-oliveira","status":"publish","type":"post","link":"https:\/\/www.lavras24horas.com.br\/portal\/atletico-mg-cede-empate-ao-vitoria-e-segue-sem-vencer-com-marcelo-oliveira\/","title":{"rendered":"Atl\u00e9tico-MG cede empate ao Vit\u00f3ria e segue sem vencer com Marcelo Oliveira"},"content":{"rendered":"<p style=\"text-align: justify;\">\n<p style=\"text-align: justify;\">\n<p style=\"text-align: justify;\">Se um desavisado assistir a uma partida do Atl\u00e9tico-MG, jamais saber\u00e1 que Patric \u00e9 lateral direito de of\u00edcio. O dono da camisa 29 j\u00e1 atuou pelo lado esquerdo da defesa, como volante, como apoiador e at\u00e9 ponta. Neste domingo (29), o jogador foi improvisado novamente no meio-campo. A sua fun\u00e7\u00e3o n\u00e3o era nada simples: organizar o jogo. As aus\u00eancias de Juan Cazares (na sele\u00e7\u00e3o equatoriana) D\u00e1tolo e Carlos Eduardo (lesionados) fez com que o t\u00e9cnico Marcelo Oliveira optasse por colocar o atleta no setor de cria\u00e7\u00e3o. E ele se deu bem, marcando inclusive o primeiro gol do compromisso.<\/p>\n<p style=\"text-align: justify;\"><strong>Kieza, o artilheiro<\/strong><br \/>\nO centroavante do Vit\u00f3ria s\u00f3 n\u00e3o \u00e9 o l\u00edder da artilharia do Campeonato Brasileiro, porque Grafite vive um momento espetacular. O camisa 9 da equipe comandada por Vagner Mancini balan\u00e7ou a rede de Victor e chegou ao quarto gol em quatro partidas na atual edi\u00e7\u00e3o do torneio. A fase do jogador, que tamb\u00e9m passou pelo S\u00e3o Paulo neste ano, \u00e9 espetacular.<\/p>\n<p style=\"text-align: justify;\"><strong>Heran\u00e7a de Levir Culpi<\/strong><br \/>\nO primeiro gol da partida, marcado por Patric, parecia um lance de jog<\/p>\n<p style=\"text-align: justify;\">N\u00e3o foi neste domingo (29) que o Atl\u00e9tico-MG conseguiu o primeiro triunfo sob a batuta de Marcelo Oliveira. E foi por pouco. A equipe vencia o duelo at\u00e9 os 33 minutos da etapa complementar, mas cedeu o empate e deixou a Arena Fonte Nova, em Salvador, com apenas um ponto. A igualdade por 1 a 1 contou com gols de Patric e Kieza.<\/p>\n<p style=\"text-align: justify;\">Com o resultado, os mineiros chegam a cinco pontos e ocupam a 11\u00aa coloca\u00e7\u00e3o do Campeonato Brasileiro. Os baianos contabilizam a mesma quantidade, mas permanecem uma posi\u00e7\u00e3o acima por conta dos crit\u00e9rios de desempate.<\/p>\n<p style=\"text-align: justify;\"><strong>Patric, o lateral multiuso<\/strong><\/p>\n<p style=\"text-align: justify;\">ada ensaiada. Marcos Rocha cobrou o escanteio na entrada da \u00e1rea e o lateral improvisado no meio-campo acertou uma boa finaliza\u00e7\u00e3o. Ele ainda contou com uma falha de Fernando Miguel para balan\u00e7ar a rede. Questionado sobre o lance, o jogador revelou que ele era treinado em 2015, quando Levir Culpi foi o treinador do Atl\u00e9tico. O gol, portanto, \u00e9 uma heran\u00e7a deixada no time pelo atual comandante do Fluminense.<\/p>\n<p style=\"text-align: justify;\">Craque do Vit\u00f3ria leva cinco pontos no rosto<br \/>\nLeandro Domingues \u00e9 o principal jogador do Vit\u00f3ria na temporada. Entretanto, na partida diante do Atl\u00e9tico-MG, neste domingo, ele permaneceu no gramado por 45 minutos apenas. O motivo, segundo a assessoria de comunica\u00e7\u00e3o do Vit\u00f3ria, foi por op\u00e7\u00e3o t\u00e9cnica de Vagner Mancini. Entretanto, o jogador teve um problema cl\u00ednico que contribuiu para a sua sa\u00edda precoce do gramado. Ele foi atingido por Rafael Carioca ainda no primeiro tempo e teve que levar cinco pontos no rosto. O meia-atacante foi substitu\u00eddo por Fl\u00e1vio no intervalo.<\/p>\n<p style=\"text-align: justify;\">Marcelo Oliveira adota sua forma\u00e7\u00e3o ideal<br \/>\nA forma de jogar do Atl\u00e9tico-MG foi exatamente como Marcelo Oliveira colocou o Cruzeiro bicampe\u00e3o brasileiro em 2013\/2014 e o Palmeiras que venceu a edi\u00e7\u00e3o passada da Copa do Brasil. Pela primeira vez, o treinador adotou o sistema 4-2-3-1 com as cores do novo clube. Na terceira rodada do Brasileir\u00e3o, ele optou por escalar tr\u00eas volantes, esquema adotado por Diego Aguirre, seu antecessor, mas n\u00e3o foi feliz e o Galo perdeu por 3 a 0 para o Gr\u00eamio em pleno est\u00e1dio Independ\u00eancia.<\/p>\n<p style=\"text-align: justify;\">Marca\u00e7\u00e3o do Atl\u00e9tico-MG melhora com dois volantes<br \/>\nPor incr\u00edvel que pare\u00e7a, o Atl\u00e9tico-MG melhorou bastante a marca\u00e7\u00e3o com a mudan\u00e7a no meio de campo em rela\u00e7\u00e3o \u00e0 escala\u00e7\u00e3o rodada passada. No rev\u00e9s para o Gr\u00eamio, o treinador optou por utilizar tr\u00eas volantes \u2013 Leandro Donizete, J\u00fanior Urso e Rafael Carioca. A defesa, contudo, foi uma verdadeira &#8220;peneira&#8221; e os zagueiros Tiago e Edcarlos tiveram dificuldades para conter os homens de frente do time comandado por Roger Machado. Neste s\u00e1bado, a op\u00e7\u00e3o por Patric na vaga de Urso fez com que o Atl\u00e9tico ficasse mais consistente e veloz no setor, evitando as jogadas de perigo do mandante.<\/p>\n<p style=\"text-align: justify;\">Vaias ao Vit\u00f3ria na Arena Fonte Nova<br \/>\nO Vit\u00f3ria venceu o Corinthians na segunda rodada e empatou com o Am\u00e9rica-MG na terceira. Entretanto, a rela\u00e7\u00e3o com o torcedor na partida deste domingo (29) foi a pior poss\u00edvel. O p\u00fablico vaiou bastante no in\u00edcio do intervalo, sobretudo pelo fato de o visitante balan\u00e7ar a rede com Patric no primeiro tempo. Na substitui\u00e7\u00e3o de Vander por Al\u00edpio, j\u00e1 na etapa complementar, as manifesta\u00e7\u00f5es aconteceram novamente.<\/p>\n<p style=\"text-align: justify;\">Ficha t\u00e9cnica<br \/>\nVit\u00f3ria x Atl\u00e9tico-MG<\/p>\n<p style=\"text-align: justify;\">Local: Arena Fonte Nova, em Salvador (BA)<br \/>\nData: 29 de maio de 2016 (domingo)<br \/>\nHora: 16h (hor\u00e1rio de Bras\u00edlia)<br \/>\n\u00c1rbitro: Rodolpho Toski Marques (PR)<br \/>\nAssistentes: Eduardo Gon\u00e7alves da Cruz (Fifa\/MS) e Ivan Carlos Bohn (PR)<\/p>\n<p style=\"text-align: justify;\">Gols: Patric (0-1) \u2013 37&#8217;\/2\u00baT; Kieza \u2013 (1-1) 33&#8217;\/2\u00baT<\/p>\n<p style=\"text-align: justify;\">Cart\u00f5es amarelos: Maicon Silva, Diego Renan, Amaral, Willian Farias (Vit\u00f3ria); Lucas C\u00e2ndido, Rafael Carioca, Carlos, Edcarlos, Capixaba (Atl\u00e9tico-MG)<\/p>\n<p style=\"text-align: justify;\">Vit\u00f3ria<br \/>\nFernando Miguel; Maicon Silva, Victor Ramos, Ramon e Diego Renan; Amaral, Willian Farias e Leandro Domingues (Fl\u00e1vio); David (Dagoberto), Kieza e Vander (Al\u00edpio).<br \/>\nT\u00e9cnico: Vagner Mancini.<\/p>\n<p style=\"text-align: justify;\">Atl\u00e9tico-MG<br \/>\nVictor; Marcos Rocha, Tiago, Edcarlos e Lucas C\u00e2ndido; Rafael Carioca, Leandro Donizete e Patric; Hyuri (Capixaba), Pablo (J\u00fanior Urso) e Carlos (Jo\u00e3o Figueiredo).<br \/>\nT\u00e9cnico: Marcelo Oliveira.<\/p>\n<p style=\"text-align: justify;\">\n<p style=\"text-align: justify;\">Fonte: Uol<\/p>\n","protected":false},"excerpt":{"rendered":"<p>Se um desavisado assistir a uma partida do Atl\u00e9tico-MG, jamais saber\u00e1 que Patric \u00e9 lateral direito de of\u00edcio. O dono da camisa 29 j\u00e1 atuou pelo lado esquerdo da defesa, como volante, como apoiador e at\u00e9 ponta. Neste domingo (29), o jogador foi improvisado novamente no meio-campo. A sua fun\u00e7\u00e3o n\u00e3o era nada simples: organizar [&hellip;]<\/p>\n","protected":false},"author":7,"featured_media":206693,"comment_status":"closed","ping_status":"closed","sticky":false,"template":"","format":"standard","meta":{"advanced_seo_description":"","jetpack_seo_html_title":"","jetpack_seo_noindex":false,"_jetpack_memberships_contains_paid_content":false,"footnotes":""},"categories":[4],"tags":[2432,9042,7912,2895,320,5129,3599,2431],"class_list":["post-206692","post","type-post","status-publish","format-standard","has-post-thumbnail","hentry","category-lavras","tag-atleticomg","tag-cede","tag-empate","tag-marcelo","tag-oliveira","tag-segue","tag-vencer","tag-vitoria"],"jetpack_featured_media_url":"https:\/\/i0.wp.com\/www.lavras24horas.com.br\/portal\/wp-content\/uploads\/2016\/05\/311.jpg?fit=750%2C500&ssl=1","jetpack_sharing_enabled":true,"jetpack_likes_enabled":true,"jetpack_shortlink":"https:\/\/wp.me\/p12djN-RLK","_links":{"self":[{"href":"https:\/\/www.lavras24horas.com.br\/portal\/wp-json\/wp\/v2\/posts\/206692","targetHints":{"allow":["GET"]}}],"collection":[{"href":"https:\/\/www.lavras24horas.com.br\/portal\/wp-json\/wp\/v2\/posts"}],"about":[{"href":"https:\/\/www.lavras24horas.com.br\/portal\/wp-json\/wp\/v2\/types\/post"}],"author":[{"embeddable":true,"href":"https:\/\/www.lavras24horas.com.br\/portal\/wp-json\/wp\/v2\/users\/7"}],"replies":[{"embeddable":true,"href":"https:\/\/www.lavras24horas.com.br\/portal\/wp-json\/wp\/v2\/comments?post=206692"}],"version-history":[{"count":0,"href":"https:\/\/www.lavras24horas.com.br\/portal\/wp-json\/wp\/v2\/posts\/206692\/revisions"}],"wp:featuredmedia":[{"embeddable":true,"href":"https:\/\/www.lavras24horas.com.br\/portal\/wp-json\/wp\/v2\/media\/206693"}],"wp:attachment":[{"href":"https:\/\/www.lavras24horas.com.br\/portal\/wp-json\/wp\/v2\/media?parent=206692"}],"wp:term":[{"taxonomy":"category","embeddable":true,"href":"https:\/\/www.lavras24horas.com.br\/portal\/wp-json\/wp\/v2\/categories?post=206692"},{"taxonomy":"post_tag","embeddable":true,"href":"https:\/\/www.lavras24horas.com.br\/portal\/wp-json\/wp\/v2\/tags?post=206692"}],"curies":[{"name":"wp","href":"https:\/\/api.w.org\/{rel}","templated":true}]}}