{"id":202231,"date":"2016-02-07T10:01:04","date_gmt":"2016-02-07T12:01:04","guid":{"rendered":"http:\/\/www.lavras24horas.com.br\/portal\/?p=202231"},"modified":"2016-02-07T10:01:04","modified_gmt":"2016-02-07T12:01:04","slug":"tentativa-de-homicidio-em-campo-belo-homem-teve-corpo-queimado","status":"publish","type":"post","link":"https:\/\/www.lavras24horas.com.br\/portal\/tentativa-de-homicidio-em-campo-belo-homem-teve-corpo-queimado\/","title":{"rendered":"Tentativa de homic\u00eddio em Campo Belo: homem teve corpo queimado"},"content":{"rendered":"<p style=\"text-align: justify;\">A Pol\u00edcia Militar procura pelo autor de uma tentativa de homic\u00eddio que ocorreu neste s\u00e1bado (6), em Campo Belo. Segundo a PM, os militares foram acionados a\u00a0comparecer\u00a0 na Unidade de Pronto Atendimento (UPA), daquela cidade, \u00a0onde deu entrada\u00a0um homem de 35 anos,\u00a0com um corte profundo na cabe\u00e7a e queimaduras pelo corpo, onde foi relatado pelo m\u00e9dico que a v\u00edtima havia sofrido um corte profundo na parte de tr\u00e1s da cabe\u00e7a, al\u00e9m de queimaduras de terceiro grau em aproximadamente 45% do corpo.<\/p>\n<p style=\"text-align: justify;\">\n<p style=\"text-align: justify;\">Segundo a equipe de enfermagem, o homem\u00a0\u00a0foi localizado\u00a0 as margens da linha f\u00e9rrea, pr\u00f3ximo ao escad\u00e3o que fica atr\u00e1s do campo do S\u00e3o Luiz. Os militares ent\u00e3o se deslocaram at\u00e9 o local dos fatos onde foram informados que por volta das 4h30,\u00a0\u00a0cachorros estavam latindo e havia uma discuss\u00e3o entre dois homens, onde um deles acusava o outro de ter roubado algo.<\/p>\n<p style=\"text-align: justify;\">\n<p style=\"text-align: justify;\">A v\u00edtima permaneceu em estado grave na UPA e ser\u00e1 transferida em car\u00e1ter de urg\u00eancia para o hospital Jo\u00e3o XXIII na cidade de Belo Horizonte. Devido ao fato de estar inconsciente, n\u00e3o foi poss\u00edvel entrevista-lo \u00a0para levantar informa\u00e7\u00f5es sobre a autoria do crime. A per\u00edcia t\u00e9cnica foi acionada e realizou os trabalhos periciais.<\/p>\n<p style=\"text-align: justify;\">\n<p style=\"text-align: justify;\">* Portal PMMG<\/p>\n","protected":false},"excerpt":{"rendered":"<p>A Pol\u00edcia Militar procura pelo autor de uma tentativa de homic\u00eddio que ocorreu neste s\u00e1bado (6), em Campo Belo. Segundo a PM, os militares foram acionados a\u00a0comparecer\u00a0 na Unidade de Pronto Atendimento (UPA), daquela cidade, \u00a0onde deu entrada\u00a0um homem de 35 anos,\u00a0com um corte profundo na cabe\u00e7a e queimaduras pelo corpo, onde foi relatado pelo [&hellip;]<\/p>\n","protected":false},"author":7,"featured_media":130439,"comment_status":"closed","ping_status":"closed","sticky":false,"template":"","format":"standard","meta":{"advanced_seo_description":"","jetpack_seo_html_title":"","jetpack_seo_noindex":false,"_jetpack_memberships_contains_paid_content":false,"footnotes":""},"categories":[13,79],"tags":[863,825,882,602,1127,4866,739,3547],"class_list":["post-202231","post","type-post","status-publish","format-standard","has-post-thumbnail","hentry","category-laterais-1","category-regiao","tag-belo","tag-campo","tag-corpo","tag-homem","tag-homicidio","tag-queimado","tag-tentativa","tag-teve"],"jetpack_featured_media_url":"","jetpack_sharing_enabled":true,"jetpack_likes_enabled":true,"_links":{"self":[{"href":"https:\/\/www.lavras24horas.com.br\/portal\/wp-json\/wp\/v2\/posts\/202231","targetHints":{"allow":["GET"]}}],"collection":[{"href":"https:\/\/www.lavras24horas.com.br\/portal\/wp-json\/wp\/v2\/posts"}],"about":[{"href":"https:\/\/www.lavras24horas.com.br\/portal\/wp-json\/wp\/v2\/types\/post"}],"author":[{"embeddable":true,"href":"https:\/\/www.lavras24horas.com.br\/portal\/wp-json\/wp\/v2\/users\/7"}],"replies":[{"embeddable":true,"href":"https:\/\/www.lavras24horas.com.br\/portal\/wp-json\/wp\/v2\/comments?post=202231"}],"version-history":[{"count":0,"href":"https:\/\/www.lavras24horas.com.br\/portal\/wp-json\/wp\/v2\/posts\/202231\/revisions"}],"wp:featuredmedia":[{"embeddable":true,"href":"https:\/\/www.lavras24horas.com.br\/portal\/wp-json\/"}],"wp:attachment":[{"href":"https:\/\/www.lavras24horas.com.br\/portal\/wp-json\/wp\/v2\/media?parent=202231"}],"wp:term":[{"taxonomy":"category","embeddable":true,"href":"https:\/\/www.lavras24horas.com.br\/portal\/wp-json\/wp\/v2\/categories?post=202231"},{"taxonomy":"post_tag","embeddable":true,"href":"https:\/\/www.lavras24horas.com.br\/portal\/wp-json\/wp\/v2\/tags?post=202231"}],"curies":[{"name":"wp","href":"https:\/\/api.w.org\/{rel}","templated":true}]}}