{"id":202007,"date":"2016-02-01T16:15:58","date_gmt":"2016-02-01T18:15:58","guid":{"rendered":"http:\/\/www.lavras24horas.com.br\/portal\/?p=202007"},"modified":"2016-02-01T16:15:58","modified_gmt":"2016-02-01T18:15:58","slug":"pm-registra-tentativas-de-homicidio-uma-em-lavras-e-outra-em-perdoes-neste-domingo","status":"publish","type":"post","link":"https:\/\/www.lavras24horas.com.br\/portal\/pm-registra-tentativas-de-homicidio-uma-em-lavras-e-outra-em-perdoes-neste-domingo\/","title":{"rendered":"PM registra tentativas de homic\u00eddio: uma em Lavras e outra em Perd\u00f5es neste Domingo"},"content":{"rendered":"<p>Duas tentativas de homic\u00eddio foram registradas na \u00e1rea do 8\u00ba Batalh\u00e3o neste domingo(31). Uma delas foi na\u00a0rua Ant\u00f4nio da Costa Ribeiro, Bairro Joaquim Sales, em Lavras. De acordo com informa\u00e7\u00f5es recolhidas pelos militares \u00a0no local, um indiv\u00edduo de 19 anos teria agredido um outro de 50 com um fac\u00e3o. Populares contiveram o autor. Ele foi preso e encaminhado \u00e0 Delegacia de Pol\u00edcia.<\/p>\n<p>J\u00e1 em Perd\u00f5es, os militares compareceram \u00e0 rua Santa Rita, Bairro Cruzeiro, ap\u00f3s serem informados que um indiv\u00edduo em uma moto estaria efetuando disparos de arma de fogo. A v\u00edtima, 21 anos, afirmou que o autor teria disparado duas vezes em sua dire\u00e7\u00e3o, por\u00e9m, nenhum disparo veio a lhe alvejar. Informa\u00e7\u00f5es posteriores levaram a PM a perseguir o indiv\u00edduo no bairro Placedinos, por\u00e9m, ele n\u00e3o foi capturado.<\/p>\n<p>A v\u00edtima da cidade de Lavras foi levada ao pronto atendimento consciente, apesar da gravidade do ferimento. As buscas pelo autor da cidade de Perd\u00f5es continuam em andamento.<\/p>\n<p>&nbsp;<\/p>\n<p>Portal PMMG<\/p>\n<p>&nbsp;<\/p>\n","protected":false},"excerpt":{"rendered":"<p>Duas tentativas de homic\u00eddio foram registradas na \u00e1rea do 8\u00ba Batalh\u00e3o neste domingo(31). Uma delas foi na\u00a0rua Ant\u00f4nio da Costa Ribeiro, Bairro Joaquim Sales, em Lavras. De acordo com informa\u00e7\u00f5es recolhidas pelos militares \u00a0no local, um indiv\u00edduo de 19 anos teria agredido um outro de 50 com um fac\u00e3o. Populares contiveram o autor. Ele foi [&hellip;]<\/p>\n","protected":false},"author":7,"featured_media":112623,"comment_status":"closed","ping_status":"closed","sticky":false,"template":"","format":"standard","meta":{"advanced_seo_description":"","jetpack_seo_html_title":"","jetpack_seo_noindex":false,"_jetpack_memberships_contains_paid_content":false,"footnotes":""},"categories":[13,4,79],"tags":[1511,1127,169,766,3626,268,484,738,6541],"class_list":["post-202007","post","type-post","status-publish","format-standard","has-post-thumbnail","hentry","category-laterais-1","category-lavras","category-regiao","tag-domingo","tag-homicidio","tag-lavras-2","tag-neste","tag-outra","tag-perdoes","tag-pm","tag-registra","tag-tentativas"],"jetpack_featured_media_url":"","jetpack_sharing_enabled":true,"jetpack_likes_enabled":true,"_links":{"self":[{"href":"https:\/\/www.lavras24horas.com.br\/portal\/wp-json\/wp\/v2\/posts\/202007","targetHints":{"allow":["GET"]}}],"collection":[{"href":"https:\/\/www.lavras24horas.com.br\/portal\/wp-json\/wp\/v2\/posts"}],"about":[{"href":"https:\/\/www.lavras24horas.com.br\/portal\/wp-json\/wp\/v2\/types\/post"}],"author":[{"embeddable":true,"href":"https:\/\/www.lavras24horas.com.br\/portal\/wp-json\/wp\/v2\/users\/7"}],"replies":[{"embeddable":true,"href":"https:\/\/www.lavras24horas.com.br\/portal\/wp-json\/wp\/v2\/comments?post=202007"}],"version-history":[{"count":0,"href":"https:\/\/www.lavras24horas.com.br\/portal\/wp-json\/wp\/v2\/posts\/202007\/revisions"}],"wp:featuredmedia":[{"embeddable":true,"href":"https:\/\/www.lavras24horas.com.br\/portal\/wp-json\/"}],"wp:attachment":[{"href":"https:\/\/www.lavras24horas.com.br\/portal\/wp-json\/wp\/v2\/media?parent=202007"}],"wp:term":[{"taxonomy":"category","embeddable":true,"href":"https:\/\/www.lavras24horas.com.br\/portal\/wp-json\/wp\/v2\/categories?post=202007"},{"taxonomy":"post_tag","embeddable":true,"href":"https:\/\/www.lavras24horas.com.br\/portal\/wp-json\/wp\/v2\/tags?post=202007"}],"curies":[{"name":"wp","href":"https:\/\/api.w.org\/{rel}","templated":true}]}}