{"id":201147,"date":"2016-01-13T09:25:34","date_gmt":"2016-01-13T11:25:34","guid":{"rendered":"http:\/\/www.lavras24horas.com.br\/portal\/?p=201147"},"modified":"2016-01-13T09:25:34","modified_gmt":"2016-01-13T11:25:34","slug":"unilavras-ganha-selo-de-qualidade-da-oab-por-seu-curso-de-direito-entre-mais-de-100-instituicoes-no-brasil","status":"publish","type":"post","link":"https:\/\/www.lavras24horas.com.br\/portal\/unilavras-ganha-selo-de-qualidade-da-oab-por-seu-curso-de-direito-entre-mais-de-100-instituicoes-no-brasil\/","title":{"rendered":"Unilavras ganha selo de qualidade da OAB por seu curso de Direito entre mais de 100 institui\u00e7\u00f5es no Brasil  \u00a0"},"content":{"rendered":"<p>&nbsp;<\/p>\n<p>A Ordem dos Advogados do Brasil (OAB) entregar\u00e1 na manh\u00e3 desta quarta-feira (13) um &#8220;selo de qualidade&#8221; a 139 cursos de direito de todo o pa\u00eds que a entidade destaca pelo n\u00edvel de ensino oferecido (veja abaixo a lista completa por estado ao final desta reportagem). Entre os agraciados, est\u00e1 o Centro Universit\u00e1rio de Lavras (Unilavras).<\/p>\n<p>&nbsp;<\/p>\n<p>Em sua quinta edi\u00e7\u00e3o, o &#8220;Recomenda OAB&#8221; selecionou as faculdades com base no \u00edndice de aprova\u00e7\u00e3o de seus alunos nos exames da Ordem que possibilitam ao bacharel exercer a profiss\u00e3o de advogado e tamb\u00e9m no conceito obtido pelas escolas no Exame Nacional de Desempenho dos Estudantes (Enade), do Minist\u00e9rio da Educa\u00e7\u00e3o, que avalia o desempenho dos estudantes em rela\u00e7\u00e3o aos conte\u00fados ensinados nos cursos.<\/p>\n<p>&nbsp;<\/p>\n<p>Atualmente, existem no pa\u00eds 1.266 cursos de direito registrados no Minist\u00e9rio da Educa\u00e7\u00e3o. Desses, 1.071 foram avaliados pela OAB, que exige a participa\u00e7\u00e3o de uma m\u00e9dia m\u00ednima de 20 alunos presentes nos quatro exames anteriores.<\/p>\n<p>&nbsp;<\/p>\n<p>Das 139 faculdades selecionadas, 78 s\u00e3o p\u00fablicas e 61 privadas. Desde 2001, quando o selo foi entregue pela primeira vez, cresceu o n\u00famero de institui\u00e7\u00f5es recomendadas pela Ordem. Naquele ano, somente 52 receberam a certifica\u00e7\u00e3o. Na edi\u00e7\u00e3o anterior, de 2011, foram 89.<\/p>\n<p>&nbsp;<\/p>\n<p>&nbsp;<\/p>\n<p>A OAB n\u00e3o divulga um ranking das faculdades, mas uma lista &#8220;horizontal&#8221;, com a premia\u00e7\u00e3o das institui\u00e7\u00f5es &#8220;exemplares que consideram a qualidade como par\u00e2metro maior&#8221;.<\/p>\n<p>&nbsp;<\/p>\n<p>Segundo o presidente da OAB, Marcus Vinicius Furtado Co\u00ealho, &#8220;o significado da premia\u00e7\u00e3o n\u00e3o consiste em estabelecer prefer\u00eancias, mas sim uma concep\u00e7\u00e3o de regularidade de desempenho&#8221;.<\/p>\n<p>&nbsp;<\/p>\n<p>&#8220;Por meio de a\u00e7\u00f5es como o selo de qualidade, a OAB Nacional busca incentivar melhorias nos projetos pedag\u00f3gicos e na estrutura dos cursos jur\u00eddicos existentes, a fim de proporcionar a forma\u00e7\u00e3o de profissionais comprometidos com uma efetiva atua\u00e7\u00e3o jur\u00eddica na promo\u00e7\u00e3o e defesa dos direitos e garantias constitucionais&#8221;, escreveu Co\u00ealho em artigo sobre o pr\u00eamio.<\/p>\n<p>&nbsp;<\/p>\n<p>&nbsp;<\/p>\n<p>&nbsp;<\/p>\n<p>&nbsp;<\/p>\n<p>O selo de qualidade ser\u00e1 entregue na manh\u00e3 desta quarta a reitores e representantes das faculdades em cerim\u00f4nia com a presen\u00e7a do presidente do Supremo Tribunal Federal (STF), Ricardo Lewandowski.<\/p>\n<p>&nbsp;<\/p>\n<p><strong>As 139 faculdades<\/strong><\/p>\n<p>&nbsp;<\/p>\n<p>Veja abaixo a lista completa, por estado, das faculdades certificadas:<\/p>\n<p>&nbsp;<\/p>\n<p><strong>Acre<\/strong><\/p>\n<p>&nbsp;<\/p>\n<p>Universidade Federal do Acre &#8211; Ufac<\/p>\n<p>&nbsp;<\/p>\n<p><strong>Alagoas<\/strong><\/p>\n<p>&nbsp;<\/p>\n<p>Universidade Federal de Alagoas &#8211; Ufal<\/p>\n<p>&nbsp;<\/p>\n<p><strong>Amap\u00e1<\/strong><\/p>\n<p>&nbsp;<\/p>\n<p>Universidade Federal do Amap\u00e1 &#8211; Unifap<\/p>\n<p>&nbsp;<\/p>\n<p><strong>Amazonas<\/strong><\/p>\n<p>&nbsp;<\/p>\n<p>Universidade do Estado do Amazonas &#8211; Uea<\/p>\n<p>Universidade Federal do Amazonas &#8211; Ufam<\/p>\n<p>&nbsp;<\/p>\n<p><strong>Bahia<\/strong><\/p>\n<p>&nbsp;<\/p>\n<p>Universidade do Estado da Bahia &#8211; Uneb<\/p>\n<p>Faculdade Nobre de Feira de Santana &#8211; Fan<\/p>\n<p>Universidade Estadual de Feira de Santana &#8211; Uefs<\/p>\n<p>Universidade Estadual de Santa Cruz &#8211; Uesc<\/p>\n<p>Universidade do Estado da Bahia &#8211; Uneb (em Juazeiro)<\/p>\n<p>Faculdade Baiana de Direito e Gest\u00e3o<\/p>\n<p>Universidade do Estado da Bahia &#8211; Uneb<\/p>\n<p>Universidade Federal da Bahia &#8211; Ufba<\/p>\n<p>Universidade Salvador &#8211; Unifacs &#8211; Campus Iguatemi<\/p>\n<p>Universidade do Estado da Bahia &#8211; Uneb (em Salvador)<\/p>\n<p>Universidade Estadual do Sudoeste da Bahia &#8211; Uesb<\/p>\n<p>&nbsp;<\/p>\n<p>Cear\u00e1<\/p>\n<p>&nbsp;<\/p>\n<p>Universidade Regional do Cariri &#8211; Urca<\/p>\n<p>Centro Universit\u00e1rio Christus<\/p>\n<p>Faculdade Farias Brito &#8211; Ffb<\/p>\n<p>Faculdade Sete de Setembro &#8211; Fa7<\/p>\n<p>Universidade Federal do Cear\u00e1 &#8211; Ufc<\/p>\n<p>Universidade Estadual do Vale do Acara\u00fa &#8211; Uva<\/p>\n<p><strong>\u00a0<\/strong><\/p>\n<p><strong>Distrito Federal<\/strong><\/p>\n<p>&nbsp;<\/p>\n<p>Centro Universit\u00e1rio de Bras\u00edlia &#8211; Uniceub<\/p>\n<p>Centro Universit\u00e1rio do Distrito Federal &#8211; Udf<\/p>\n<p>Faculdade Processus &#8211; Pfd &#8211; Campus I<\/p>\n<p>Universidade de Bras\u00edlia &#8211; UnB<\/p>\n<p>&nbsp;<\/p>\n<p><strong>Esp\u00edrito Santo<\/strong><\/p>\n<p>&nbsp;<\/p>\n<p>Universidade Vila Velha &#8211; Uvv<\/p>\n<p>Faculdades Integradas de Vit\u00f3ria &#8211; Fdv<\/p>\n<p>Faculdades Integradas Esp\u00edrito Santenses &#8211; Faesa I<\/p>\n<p>Universidade Federal do Esp\u00edrito Santo &#8211; Ufes<\/p>\n<p>&nbsp;<\/p>\n<p><strong>Goi\u00e1s<\/strong><\/p>\n<p>&nbsp;<\/p>\n<p>Universidade Federal de Goi\u00e1s &#8211; Ufg (Pra\u00e7a Universit\u00e1ria, em Goi\u00e2nia)<\/p>\n<p>Universidade Federal de Goi\u00e1s &#8211; Ufg (Avenida Bom Pastor, Goi\u00e1s)<\/p>\n<p>Maranh\u00e3o<\/p>\n<p>Universidade Federal do Maranh\u00e3o &#8211; Ufma (em Imperatriz)<\/p>\n<p>Unidade de Ensino Superior Dom Bosco &#8211; Undb<\/p>\n<p>Universidade Federal do Maranh\u00e3o &#8211; Ufma (em S\u00e3o Lu\u00eds)<\/p>\n<p>&nbsp;<\/p>\n<p><strong>Mato Grosso<\/strong><\/p>\n<p><strong>\u00a0<\/strong><\/p>\n<p>Universidade do Estado de Mato Grosso &#8211; Unemat (em C\u00e1ceres)<\/p>\n<p>Universidade Federal de Mato Grosso &#8211; Ufmt (em Cuiab\u00e1)<\/p>\n<p>&nbsp;<\/p>\n<p><strong>Mato Grosso do Sul<\/strong><\/p>\n<p>&nbsp;<\/p>\n<p>Universidade Federal de Mato Grosso do Sul &#8211; Ufms<\/p>\n<p>Funda\u00e7\u00e3o Universidade Federal Da Grande Dourados &#8211; Ufgd &#8211; Fadir<\/p>\n<p>Universidade Estadual de Mato Grosso do Sul &#8211; Uems (em Dourados)<\/p>\n<p>Universidade Estadual de Mato Grosso do Sul &#8211; Uems (em Navira\u00ed)<\/p>\n<p>&nbsp;<\/p>\n<p><strong>Minas Gerais<\/strong><\/p>\n<p>&nbsp;<\/p>\n<p>Centro Universit\u00e1rio Newton Paiva<\/p>\n<p>Escola Superior Dom Helder C\u00e2mara<\/p>\n<p>Pontif\u00edcia Universidade Cat\u00f3lica de Minas Gerais (PUC Minas, unidade Pra\u00e7a Da Liberdade)<\/p>\n<p>Pontif\u00edcia Universidade Cat\u00f3lica de Minas Gerais (PUC Minas, Campus Cora\u00e7\u00e3o Eucar\u00edstico)<\/p>\n<p>Universidade Federal de Minas Gerais Ufmg<\/p>\n<p>Universidade Fumec &#8211; Fumec<\/p>\n<p>Universidade do Estado de Minas Gerais &#8211; Uemg<\/p>\n<p>Faculdade Metodista Granbery &#8211; Fmg<\/p>\n<p>Faculdades Integradas Vianna J\u00fanior &#8211; Fivj<\/p>\n<p>Universidade Federal de Juiz De Fora &#8211; Ufjf<\/p>\n<p>Centro Universit\u00e1rio de Lavras &#8211; Unilavras<\/p>\n<p>Universidade Estadual de Montes Claros &#8211; Unimontes<\/p>\n<p>Faculdade de Direito Milton Campos &#8211; Fdmc<\/p>\n<p>Universidade Federal de Ouro Preto &#8211; Ufop<\/p>\n<p>Centro Universit\u00e1rio de Patos de Minas &#8211; Unipam<\/p>\n<p>Faculdade de Direito de Pedro Leopoldo &#8211; Fadipel<\/p>\n<p>Faculdade Din\u00e2mica do Vale do Piranga &#8211; Fadip<\/p>\n<p>Escola Superior de Administra\u00e7\u00e3o, Marketing e Comunica\u00e7\u00e3o de Uberl\u00e2ndia &#8211; Esamc<\/p>\n<p>Universidade de Uberaba &#8211; Uniube &#8211; Campus Direito\/Administra\u00e7\u00e3o<\/p>\n<p>Universidade Federal de Uberl\u00e2ndia &#8211; Ufu<\/p>\n<p>Funda\u00e7\u00e3o Universidade Federal de Vi\u00e7osa &#8211; Ufv<\/p>\n<p>&nbsp;<\/p>\n<p><strong>Par\u00e1<\/strong><\/p>\n<p>&nbsp;<\/p>\n<p>Centro Universit\u00e1rio do Estado Do Par\u00e1 &#8211; Cesupa<\/p>\n<p>Universidade Federal do Par\u00e1 &#8211; Ufpa (em Bel\u00e9m)<\/p>\n<p>Universidade Federal Do Par\u00e1 &#8211; Ufpa (em Marab\u00e1)<\/p>\n<p>Universidade Federal Do Oeste Do Par\u00e1 \u2013 Ufopa<\/p>\n<p>&nbsp;<\/p>\n<p><strong>Para\u00edba<\/strong><\/p>\n<p>&nbsp;<\/p>\n<p>Universidade Estadual da Para\u00edba &#8211; Uepb<\/p>\n<p>Universidade Federal da Para\u00edba &#8211; Ufpb<\/p>\n<p>Universidade Federal da Para\u00edba &#8211; Ufpb &#8211; Campus I &#8211; Jo\u00e3o Pessoa<\/p>\n<p>Universidade Federal de Campina Grande &#8211; Ufcg<\/p>\n<p>&nbsp;<\/p>\n<p><strong>Paran\u00e1<\/strong><\/p>\n<p>Universidade Norte do Paran\u00e1 &#8211; Unopar<\/p>\n<p>Faculdade de Ci\u00eancias Sociais Aplicadas de Cascavel &#8211; Univel<\/p>\n<p>Centro Universit\u00e1rio Curitiba &#8211; Unicuritiba<\/p>\n<p>Centro Universit\u00e1rio Franciscano do Paran\u00e1 &#8211; Fae<\/p>\n<p>Pontif\u00edcia Universidade Cat\u00f3lica do Paran\u00e1 &#8211; Pucpr<\/p>\n<p>Universidade Federal do Paran\u00e1 &#8211; Ufpr<\/p>\n<p>Universidade Positivo &#8211; Up<\/p>\n<p>Universidade Estadual do Norte do Paran\u00e1 &#8211; Uenp<\/p>\n<p>Universidade Estadual de Londrina &#8211; Uel<\/p>\n<p>Universidade Estadual do Oeste do Paran\u00e1 &#8211; Unioeste<\/p>\n<p>Universidade Estadual de Maring\u00e1 &#8211; Uem<\/p>\n<p>Universidade Estadual de Ponta Grossa &#8211; Uepg<\/p>\n<p>&nbsp;<\/p>\n<p><strong>Pernambuco<\/strong><\/p>\n<p>&nbsp;<\/p>\n<p>Faculdade Damas da Instru\u00e7\u00e3o Crist\u00e3 &#8211; Fadic<\/p>\n<p>Universidade Cat\u00f3lica de Pernambuco &#8211; Unicap<\/p>\n<p>Universidade Federal de Pernambuco \u2013 Ufpe<\/p>\n<p>&nbsp;<\/p>\n<p><strong>Piau\u00ed<\/strong><\/p>\n<p>&nbsp;<\/p>\n<p>Universidade Estadual do Piau\u00ed &#8211; Uespi<\/p>\n<p>Universidade Estadual do Piau\u00ed \u2013 Uespi \u2013 Campus Cl\u00f3vis Moura<\/p>\n<p>Universidade Estadual do Piau\u00ed \u2013 Uespi \u2013 Campus Poeta Torquato\u00a0 Neto<\/p>\n<p>Universidade Federal do Piau\u00ed &#8211; Ufpi<\/p>\n<p>Instituto de Ci\u00eancias Jur\u00eddicas e Sociais Professor Camillo Filho<\/p>\n<p>&nbsp;<\/p>\n<p><strong>Rio de Janeiro<\/strong><\/p>\n<p>&nbsp;<\/p>\n<p>Universidade Federal Fluminense &#8211; Uff (em Maca\u00e9)<\/p>\n<p>Universidade Federal Fluminense &#8211; Uff (em Niter\u00f3i)<\/p>\n<p>Escola de Direito do Rio De Janeiro &#8211; Fgv<\/p>\n<p>Faculdade de Ci\u00eancias Sociais Aplicadas Ibmec &#8211; Ibmec &#8211; Rio De Janeiro<\/p>\n<p>Pontif\u00edcia Universidade Cat\u00f3lica do Rio de Janeiro &#8211; Puc-Rio<\/p>\n<p>Universidade do Estado do Rio de Janeiro &#8211; Uerj<\/p>\n<p>Universidade Federal do Estado do Rio De Janeiro &#8211; Unirio<\/p>\n<p>Universidade Federal do Rio de Janeiro &#8211; Ufrj<\/p>\n<p>Rio Grande do Norte<\/p>\n<p>Universidade Federal do Rio Grande do Norte &#8211; Ufrn (em Caic\u00f3)<\/p>\n<p>Universidade do Estado do Rio Grande do Norte &#8211; Uern<\/p>\n<p>Universidade Federal do Rio Grande do Norte &#8211; Ufrn (em Natal)<\/p>\n<p>Rio Grande do Sul<\/p>\n<p>Universidade da Regi\u00e3o da Campanha &#8211; Urcamp<\/p>\n<p>Universidade de Passo Fundo &#8211; Upf<\/p>\n<p>Universidade Federal de Pelotas &#8211; Ufpel<\/p>\n<p>Escola Superior do Minist\u00e9rio P\u00fablico &#8211; Esmp\/Fmp<\/p>\n<p>Universidade Federal do Rio Grande do Sul &#8211; Ufrgs<\/p>\n<p>Universidade Federal do Rio Grande &#8211; Furg<\/p>\n<p>Faculdade Dom Alberto &#8211; Fda<\/p>\n<p>Universidade Federal de Santa Maria &#8211; Ufsm<\/p>\n<p>&nbsp;<\/p>\n<p><strong>Rond\u00f4nia<\/strong><\/p>\n<p>&nbsp;<\/p>\n<p>Funda\u00e7\u00e3o Universidade Federal de Rond\u00f4nia &#8211; Unir (em Cacoal)<\/p>\n<p>Funda\u00e7\u00e3o Universidade Federal de Rond\u00f4nia &#8211; Unir (em Porto Velho)<\/p>\n<p>&nbsp;<\/p>\n<p><strong>Santa Catarina<\/strong><\/p>\n<p>&nbsp;<\/p>\n<p>Universidade Regional de Blumenau &#8211; Furb<\/p>\n<p>Complexo de Ensino Superior do Estado de Santa Catarina &#8211; Cesusc<\/p>\n<p>Universidade Federal de Santa Catarina &#8211; Ufsc<\/p>\n<p>Universidade da Regi\u00e3o de Joinville &#8211; Univille<\/p>\n<p>Centro Universit\u00e1rio Barriga Verde &#8211; Unibave<\/p>\n<p>Universidade do Sul de Santa Catarina &#8211; Unisul<\/p>\n<p>Universidade do Oeste de Santa Catarina &#8211; Unoesc<\/p>\n<p>&nbsp;<\/p>\n<p><strong>S\u00e3o Paulo<\/strong><\/p>\n<p>&nbsp;<\/p>\n<p>Faculdade de Ci\u00eancias Econ\u00f4micas &#8211; Facamp<\/p>\n<p>Pontif\u00edcia Universidade Cat\u00f3lica de Campinas &#8211; Puc-Campinas<\/p>\n<p>Universidade Presbiteriana Mackenzie &#8211; Mackenzie<\/p>\n<p>Faculdade de Direito de Franca &#8211; Fdf<\/p>\n<p>Universidade Estadual Paulista J\u00falio De Mesquita Filho &#8211; Unesp<\/p>\n<p>Centro Universit\u00e1rio Ant\u00f4nio Eufr\u00e1sio de Toledo de Presidente Prudente &#8211; Fiaetpp<\/p>\n<p>Centro Universit\u00e1rio Uniseb<\/p>\n<p>Universidade de Ribeir\u00e3o Preto &#8211; Unaerp<\/p>\n<p>Universidade de S\u00e3o Paulo &#8211; Usp (em Ribeir\u00e3o Preto)<\/p>\n<p>Escola Superior de Administra\u00e7\u00e3o, Marketing E Comunica\u00e7\u00e3o De Santos &#8211; Esamc S<\/p>\n<p>Universidade Cat\u00f3lica de Santos &#8211; Unisantos<\/p>\n<p>Faculdade De Direito De S\u00e3o Bernardo do Campo &#8211; Fdsbc<\/p>\n<p>Escola de Direito de S\u00e3o Paulo &#8211; Direito Gv<\/p>\n<p>Faculdade de Direito Professor Dam\u00e1sio de Jesus &#8211; Fddj<\/p>\n<p>Pontif\u00edcia Universidade Cat\u00f3lica &#8211; Puc<\/p>\n<p>Universidade de S\u00e3o Paulo &#8211; Usp (Largo de S\u00e3o Francisco, em S\u00e3o Paulo)<\/p>\n<p>Universidade Presbiteriana Mackenzie &#8211; Mackenzie<\/p>\n<p>Universidade S\u00e3o Judas Tadeu \u2013 Usjt \u2013 Unidade Butant\u00e3<\/p>\n<p>Universidade S\u00e3o Judas Tadeu \u2013 Usjt \u2013 Unidade Mooca<\/p>\n","protected":false},"excerpt":{"rendered":"<p>&nbsp; A Ordem dos Advogados do Brasil (OAB) entregar\u00e1 na manh\u00e3 desta quarta-feira (13) um &#8220;selo de qualidade&#8221; a 139 cursos de direito de todo o pa\u00eds que a entidade destaca pelo n\u00edvel de ensino oferecido (veja abaixo a lista completa por estado ao final desta reportagem). Entre os agraciados, est\u00e1 o Centro Universit\u00e1rio de [&hellip;]<\/p>\n","protected":false},"author":7,"featured_media":201148,"comment_status":"closed","ping_status":"closed","sticky":false,"template":"","format":"standard","meta":{"advanced_seo_description":"","jetpack_seo_html_title":"","jetpack_seo_noindex":false,"_jetpack_memberships_contains_paid_content":false,"footnotes":""},"categories":[13077,4],"tags":[2101,977,471,4857,2028,2782,814,543,5917,456,2658,1330,1118],"class_list":["post-201147","post","type-post","status-publish","format-standard","has-post-thumbnail","hentry","category-laterais-2","category-lavras","tag-2101","tag-brasil-2","tag-curso","tag-direito","tag-ganha","tag-instituicoes","tag-mais","tag-no","tag-oab","tag-qualidade","tag-selo","tag-seu","tag-unilavras"],"jetpack_featured_media_url":"https:\/\/i0.wp.com\/www.lavras24horas.com.br\/portal\/wp-content\/uploads\/2016\/01\/image.jpg?fit=500%2C333&ssl=1","jetpack_sharing_enabled":true,"jetpack_likes_enabled":true,"jetpack_shortlink":"https:\/\/wp.me\/p12djN-Qkj","_links":{"self":[{"href":"https:\/\/www.lavras24horas.com.br\/portal\/wp-json\/wp\/v2\/posts\/201147","targetHints":{"allow":["GET"]}}],"collection":[{"href":"https:\/\/www.lavras24horas.com.br\/portal\/wp-json\/wp\/v2\/posts"}],"about":[{"href":"https:\/\/www.lavras24horas.com.br\/portal\/wp-json\/wp\/v2\/types\/post"}],"author":[{"embeddable":true,"href":"https:\/\/www.lavras24horas.com.br\/portal\/wp-json\/wp\/v2\/users\/7"}],"replies":[{"embeddable":true,"href":"https:\/\/www.lavras24horas.com.br\/portal\/wp-json\/wp\/v2\/comments?post=201147"}],"version-history":[{"count":0,"href":"https:\/\/www.lavras24horas.com.br\/portal\/wp-json\/wp\/v2\/posts\/201147\/revisions"}],"wp:featuredmedia":[{"embeddable":true,"href":"https:\/\/www.lavras24horas.com.br\/portal\/wp-json\/wp\/v2\/media\/201148"}],"wp:attachment":[{"href":"https:\/\/www.lavras24horas.com.br\/portal\/wp-json\/wp\/v2\/media?parent=201147"}],"wp:term":[{"taxonomy":"category","embeddable":true,"href":"https:\/\/www.lavras24horas.com.br\/portal\/wp-json\/wp\/v2\/categories?post=201147"},{"taxonomy":"post_tag","embeddable":true,"href":"https:\/\/www.lavras24horas.com.br\/portal\/wp-json\/wp\/v2\/tags?post=201147"}],"curies":[{"name":"wp","href":"https:\/\/api.w.org\/{rel}","templated":true}]}}