{"id":201085,"date":"2016-01-12T07:44:33","date_gmt":"2016-01-12T09:44:33","guid":{"rendered":"http:\/\/www.lavras24horas.com.br\/portal\/?p=201085"},"modified":"2016-01-12T07:45:36","modified_gmt":"2016-01-12T09:45:36","slug":"fies-abre-inscricoes-a-partir-do-dia-26-de-janeiro","status":"publish","type":"post","link":"https:\/\/www.lavras24horas.com.br\/portal\/fies-abre-inscricoes-a-partir-do-dia-26-de-janeiro\/","title":{"rendered":"Fies abre inscri\u00e7\u00f5es a partir do dia 26 de janeiro"},"content":{"rendered":"<p style=\"text-align: justify;\">Estudantes interessados em obter financiamento no Fundo de Financiamento Estudantil (Fies) poder\u00e3o se candidatar de 26 a 29 de janeiro. O Minist\u00e9rio da Educa\u00e7\u00e3o ainda n\u00e3o divulgou detalhes sobre a sele\u00e7\u00e3o. A candidatura ao Fies poder\u00e1 ser feita, portanto, logo ap\u00f3s o per\u00edodo de inscri\u00e7\u00f5es para o Programa Universidade para Todos (ProUni), entre 19 a 22 de janeiro.<\/p>\n<p style=\"text-align: justify;\">O ProUni oferece bolsas de estudo que cobrem at\u00e9 100% das mensalidades em institui\u00e7\u00f5es privadas de ensino superior.<\/p>\n<p style=\"text-align: justify;\">De acordo com as regras fixadas no ano passado, para participar \u00e9 necess\u00e1rio ter obtido pelo menos 450 pontos na m\u00e9dia nas provas do Enem e n\u00e3o ter tirado zero na reda\u00e7\u00e3o. O candidato precisa tamb\u00e9m apresentar renda familiar m\u00e9dia de at\u00e9 2,5 sal\u00e1rios m\u00ednimos por pessoa.<\/p>\n<p style=\"text-align: justify;\">O Fies oferece financiamento para cursos em institui\u00e7\u00f5es particulares de ensino superior a juros mais baixos do que os praticados no mercado. Mais de 2,1 milh\u00f5es de estudantes s\u00e3o beneficiados pelo programa.<\/p>\n<p style=\"text-align: justify;\">* Portal Brasil<\/p>\n","protected":false},"excerpt":{"rendered":"<p>Estudantes interessados em obter financiamento no Fundo de Financiamento Estudantil (Fies) poder\u00e3o se candidatar de 26 a 29 de janeiro. O Minist\u00e9rio da Educa\u00e7\u00e3o ainda n\u00e3o divulgou detalhes sobre a sele\u00e7\u00e3o. A candidatura ao Fies poder\u00e1 ser feita, portanto, logo ap\u00f3s o per\u00edodo de inscri\u00e7\u00f5es para o Programa Universidade para Todos (ProUni), entre 19 a [&hellip;]<\/p>\n","protected":false},"author":7,"featured_media":201087,"comment_status":"closed","ping_status":"closed","sticky":false,"template":"","format":"standard","meta":{"advanced_seo_description":"","jetpack_seo_html_title":"","jetpack_seo_noindex":false,"_jetpack_memberships_contains_paid_content":false,"footnotes":""},"categories":[4],"tags":[705,355,871,888,2577],"class_list":["post-201085","post","type-post","status-publish","format-standard","has-post-thumbnail","hentry","category-lavras","tag-abre","tag-fies","tag-inscricoes","tag-janeiro","tag-partir"],"jetpack_featured_media_url":"https:\/\/i0.wp.com\/www.lavras24horas.com.br\/portal\/wp-content\/uploads\/2016\/01\/aa84322a8f3416e7eb3674ae38c20b37.jpg?fit=800%2C600&ssl=1","jetpack_sharing_enabled":true,"jetpack_likes_enabled":true,"jetpack_shortlink":"https:\/\/wp.me\/p12djN-Qjj","_links":{"self":[{"href":"https:\/\/www.lavras24horas.com.br\/portal\/wp-json\/wp\/v2\/posts\/201085","targetHints":{"allow":["GET"]}}],"collection":[{"href":"https:\/\/www.lavras24horas.com.br\/portal\/wp-json\/wp\/v2\/posts"}],"about":[{"href":"https:\/\/www.lavras24horas.com.br\/portal\/wp-json\/wp\/v2\/types\/post"}],"author":[{"embeddable":true,"href":"https:\/\/www.lavras24horas.com.br\/portal\/wp-json\/wp\/v2\/users\/7"}],"replies":[{"embeddable":true,"href":"https:\/\/www.lavras24horas.com.br\/portal\/wp-json\/wp\/v2\/comments?post=201085"}],"version-history":[{"count":0,"href":"https:\/\/www.lavras24horas.com.br\/portal\/wp-json\/wp\/v2\/posts\/201085\/revisions"}],"wp:featuredmedia":[{"embeddable":true,"href":"https:\/\/www.lavras24horas.com.br\/portal\/wp-json\/wp\/v2\/media\/201087"}],"wp:attachment":[{"href":"https:\/\/www.lavras24horas.com.br\/portal\/wp-json\/wp\/v2\/media?parent=201085"}],"wp:term":[{"taxonomy":"category","embeddable":true,"href":"https:\/\/www.lavras24horas.com.br\/portal\/wp-json\/wp\/v2\/categories?post=201085"},{"taxonomy":"post_tag","embeddable":true,"href":"https:\/\/www.lavras24horas.com.br\/portal\/wp-json\/wp\/v2\/tags?post=201085"}],"curies":[{"name":"wp","href":"https:\/\/api.w.org\/{rel}","templated":true}]}}