{"id":200813,"date":"2016-01-05T09:45:28","date_gmt":"2016-01-05T11:45:28","guid":{"rendered":"http:\/\/www.lavras24horas.com.br\/portal\/?p=200813"},"modified":"2016-01-05T09:45:28","modified_gmt":"2016-01-05T11:45:28","slug":"setores-da-prefeitura-voltam-a-funcionar-em-horario-integral-a-partir-desta-terca-feira-5","status":"publish","type":"post","link":"https:\/\/www.lavras24horas.com.br\/portal\/setores-da-prefeitura-voltam-a-funcionar-em-horario-integral-a-partir-desta-terca-feira-5\/","title":{"rendered":"Setores da Prefeitura voltam a funcionar em hor\u00e1rio integral a partir desta ter\u00e7a-feira (5)"},"content":{"rendered":"<p>&nbsp;<\/p>\n<p>&nbsp;<\/p>\n<p>A partir desta ter\u00e7a-feira (05\/01), os setores da Prefeitura voltar\u00e3o a funcionar em hor\u00e1rio integral, a partir das 8h. A decis\u00e3o consta no decreto n\u00ba 12.933, publicado no Di\u00e1rio Oficial desta segunda-feira (04\/01).<\/p>\n","protected":false},"excerpt":{"rendered":"<p>&nbsp; &nbsp; A partir desta ter\u00e7a-feira (05\/01), os setores da Prefeitura voltar\u00e3o a funcionar em hor\u00e1rio integral, a partir das 8h. A decis\u00e3o consta no decreto n\u00ba 12.933, publicado no Di\u00e1rio Oficial desta segunda-feira (04\/01).<\/p>\n","protected":false},"author":7,"featured_media":200814,"comment_status":"closed","ping_status":"closed","sticky":false,"template":"","format":"standard","meta":{"advanced_seo_description":"","jetpack_seo_html_title":"","jetpack_seo_noindex":false,"_jetpack_memberships_contains_paid_content":false,"footnotes":""},"categories":[13,4],"tags":[4241,4607,2713,10606,2577,1041,11167,1044,1802],"class_list":["post-200813","post","type-post","status-publish","format-standard","has-post-thumbnail","hentry","category-laterais-1","category-lavras","tag-desta","tag-funcionar","tag-horario","tag-integral","tag-partir","tag-prefeitura","tag-setores","tag-tercafeira","tag-voltam"],"jetpack_featured_media_url":"https:\/\/i0.wp.com\/www.lavras24horas.com.br\/portal\/wp-content\/uploads\/2016\/01\/52.jpg?fit=800%2C532&ssl=1","jetpack_sharing_enabled":true,"jetpack_likes_enabled":true,"jetpack_shortlink":"https:\/\/wp.me\/p12djN-QeV","_links":{"self":[{"href":"https:\/\/www.lavras24horas.com.br\/portal\/wp-json\/wp\/v2\/posts\/200813","targetHints":{"allow":["GET"]}}],"collection":[{"href":"https:\/\/www.lavras24horas.com.br\/portal\/wp-json\/wp\/v2\/posts"}],"about":[{"href":"https:\/\/www.lavras24horas.com.br\/portal\/wp-json\/wp\/v2\/types\/post"}],"author":[{"embeddable":true,"href":"https:\/\/www.lavras24horas.com.br\/portal\/wp-json\/wp\/v2\/users\/7"}],"replies":[{"embeddable":true,"href":"https:\/\/www.lavras24horas.com.br\/portal\/wp-json\/wp\/v2\/comments?post=200813"}],"version-history":[{"count":0,"href":"https:\/\/www.lavras24horas.com.br\/portal\/wp-json\/wp\/v2\/posts\/200813\/revisions"}],"wp:featuredmedia":[{"embeddable":true,"href":"https:\/\/www.lavras24horas.com.br\/portal\/wp-json\/wp\/v2\/media\/200814"}],"wp:attachment":[{"href":"https:\/\/www.lavras24horas.com.br\/portal\/wp-json\/wp\/v2\/media?parent=200813"}],"wp:term":[{"taxonomy":"category","embeddable":true,"href":"https:\/\/www.lavras24horas.com.br\/portal\/wp-json\/wp\/v2\/categories?post=200813"},{"taxonomy":"post_tag","embeddable":true,"href":"https:\/\/www.lavras24horas.com.br\/portal\/wp-json\/wp\/v2\/tags?post=200813"}],"curies":[{"name":"wp","href":"https:\/\/api.w.org\/{rel}","templated":true}]}}