{"id":199187,"date":"2015-11-30T08:17:49","date_gmt":"2015-11-30T11:17:49","guid":{"rendered":"http:\/\/www.lavras24horas.com.br\/portal\/?p=199187"},"modified":"2015-11-30T08:17:49","modified_gmt":"2015-11-30T11:17:49","slug":"livro-sobre-parque-francisco-de-assis-de-lavras-foi-destaque-na-radio-cbn-de-salvador","status":"publish","type":"post","link":"https:\/\/www.lavras24horas.com.br\/portal\/livro-sobre-parque-francisco-de-assis-de-lavras-foi-destaque-na-radio-cbn-de-salvador\/","title":{"rendered":"Livro sobre Parque Francisco de Assis de Lavras foi destaque na R\u00e1dio CBN de Salvador"},"content":{"rendered":"<p>&nbsp;<\/p>\n<p>Depois de ser lan\u00e7ado com enorme sucesso no ano passado, o livro &#8220;Viver o amor dos c\u00e3es&#8221;, de autoria da fot\u00f3grafa mineira Ana Regina Nogueira, foi destaque em Salvador (BA), onde foi lan\u00e7ado.<\/p>\n<p>&nbsp;<\/p>\n<p>A obra conta a hist\u00f3ria da entidade respons\u00e1vel por acolher e cuidar de c\u00e3es abandonados no antigo matadouro municipal, na BR 265. O livro \u00e9 um recorte visual, jornal\u00edstico e espiritual de toda a trajet\u00f3ria da institui\u00e7\u00e3o, que funciona com a ajuda de funcion\u00e1rios e volunt\u00e1rios.<\/p>\n<p>&nbsp;<\/p>\n<p>Para divulgar a obra, Ana Regina Nogueira participou de um bate-papo no quadro <em>O Bicho Vai Pegar<\/em>, da r\u00e1dio CBN, na capital baiana, onde falou do livro e da obra de assist\u00eancia aos c\u00e3es de rua. A autora tem divulgado a obra em v\u00e1rias capitais do pa\u00eds, com grande repercuss\u00e3o nos meios de comunica\u00e7\u00e3o.<\/p>\n<p>&nbsp;<\/p>\n<p>Ana Regina Nogueira \u00e9 uma das mais conhecidas fotografas do mundo, tendo participado de exposi\u00e7\u00f5es nos Estados Unidos e Europa. Ela \u00e9 volunt\u00e1ria do Parque Francisco de Assis e reside em Lavras. Ela \u00e9 autora dos livros fotogr\u00e1ficos &#8216;O homossexual visto por entendidos&#8217; (1977), &#8216;L&#8217;Esprit et le Corps&#8217;, publicado em Paris, na Fran\u00e7a, em 1983, &#8216;Momentos de Minas&#8217; (1984), &#8216;M\u00e9dicos e Curandeiros&#8217; (1984) e &#8216;A Imagem do Corpo Nu&#8217; (1986).<\/p>\n<p>&nbsp;<\/p>\n<p>A entrevista da fot\u00f3grafa pode ser conferida nesse link: <a href=\"http:\/\/www.cbnsalvador.com.br\/noticias\/single-noticias\/noticia\/ana-regina-nogueira-fala-do-livro-viver-o-amor-aos-caes\/?cHash=bbe56dd0d83510e48aa42f82a117e1f4\">http:\/\/www.cbnsalvador.com.br\/noticias\/single-noticias\/noticia\/ana-regina-nogueira-fala-do-livro-viver-o-amor-aos-caes\/?cHash=bbe56dd0d83510e48aa42f82a117e1f4<\/a><\/p>\n","protected":false},"excerpt":{"rendered":"<p>&nbsp; Depois de ser lan\u00e7ado com enorme sucesso no ano passado, o livro &#8220;Viver o amor dos c\u00e3es&#8221;, de autoria da fot\u00f3grafa mineira Ana Regina Nogueira, foi destaque em Salvador (BA), onde foi lan\u00e7ado. &nbsp; A obra conta a hist\u00f3ria da entidade respons\u00e1vel por acolher e cuidar de c\u00e3es abandonados no antigo matadouro municipal, na [&hellip;]<\/p>\n","protected":false},"author":7,"featured_media":199188,"comment_status":"closed","ping_status":"closed","sticky":false,"template":"","format":"standard","meta":{"advanced_seo_description":"","jetpack_seo_html_title":"","jetpack_seo_noindex":false,"_jetpack_memberships_contains_paid_content":false,"footnotes":""},"categories":[13077,4],"tags":[5746,25107,655,1595,1661,169,1554,506,3465,804,1913],"class_list":["post-199187","post","type-post","status-publish","format-standard","has-post-thumbnail","hentry","category-laterais-2","category-lavras","tag-assis","tag-cbn","tag-destaque","tag-foi","tag-francisco","tag-lavras-2","tag-livro","tag-na","tag-parque","tag-radio","tag-salvador"],"jetpack_featured_media_url":"https:\/\/i0.wp.com\/www.lavras24horas.com.br\/portal\/wp-content\/uploads\/2015\/11\/cbn-salvador-Copia.jpg?fit=500%2C330&ssl=1","jetpack_sharing_enabled":true,"jetpack_likes_enabled":true,"jetpack_shortlink":"https:\/\/wp.me\/p12djN-POH","_links":{"self":[{"href":"https:\/\/www.lavras24horas.com.br\/portal\/wp-json\/wp\/v2\/posts\/199187","targetHints":{"allow":["GET"]}}],"collection":[{"href":"https:\/\/www.lavras24horas.com.br\/portal\/wp-json\/wp\/v2\/posts"}],"about":[{"href":"https:\/\/www.lavras24horas.com.br\/portal\/wp-json\/wp\/v2\/types\/post"}],"author":[{"embeddable":true,"href":"https:\/\/www.lavras24horas.com.br\/portal\/wp-json\/wp\/v2\/users\/7"}],"replies":[{"embeddable":true,"href":"https:\/\/www.lavras24horas.com.br\/portal\/wp-json\/wp\/v2\/comments?post=199187"}],"version-history":[{"count":0,"href":"https:\/\/www.lavras24horas.com.br\/portal\/wp-json\/wp\/v2\/posts\/199187\/revisions"}],"wp:featuredmedia":[{"embeddable":true,"href":"https:\/\/www.lavras24horas.com.br\/portal\/wp-json\/wp\/v2\/media\/199188"}],"wp:attachment":[{"href":"https:\/\/www.lavras24horas.com.br\/portal\/wp-json\/wp\/v2\/media?parent=199187"}],"wp:term":[{"taxonomy":"category","embeddable":true,"href":"https:\/\/www.lavras24horas.com.br\/portal\/wp-json\/wp\/v2\/categories?post=199187"},{"taxonomy":"post_tag","embeddable":true,"href":"https:\/\/www.lavras24horas.com.br\/portal\/wp-json\/wp\/v2\/tags?post=199187"}],"curies":[{"name":"wp","href":"https:\/\/api.w.org\/{rel}","templated":true}]}}