{"id":195306,"date":"2015-08-19T02:07:46","date_gmt":"2015-08-19T05:07:46","guid":{"rendered":"http:\/\/www.lavras24horas.com.br\/portal\/?p=195306"},"modified":"2015-08-19T02:07:46","modified_gmt":"2015-08-19T05:07:46","slug":"tentativa-de-homicidio-em-lavras-no-bairro-colinas-da-serra","status":"publish","type":"post","link":"https:\/\/www.lavras24horas.com.br\/portal\/tentativa-de-homicidio-em-lavras-no-bairro-colinas-da-serra\/","title":{"rendered":"Tentativa de homic\u00eddio em Lavras no bairro Colinas da Serra"},"content":{"rendered":"<p>Lavras registou mais uma tentativa de homic\u00eddio nessa ter\u00e7a-feira (18), desta vez no bairro Colinas da Serra.<\/p>\n<p>Segundo as primeiras \u00a0informa\u00e7\u00f5es da Pol\u00edcia Militar, um rapaz\u00a0de 22 anos, \u00a0foi baleado em frente \u00e0 resid\u00eancia de um parente na Rua Expedito Pereira Soares.<\/p>\n<p>Dois homens teriam chegado \u00e0 p\u00e9 e realizado 4 disparos, um deles atingiu a v\u00edtima na regi\u00e3o do abd\u00f4men. O jovem foi socorrido pelo Corpo de Bombeiros e encaminhado em estado grave para a Unidade Regional de Pronto Atendimento de Lavras (URPA).<\/p>\n<p>&nbsp;<\/p>\n","protected":false},"excerpt":{"rendered":"<p>Lavras registou mais uma tentativa de homic\u00eddio nessa ter\u00e7a-feira (18), desta vez no bairro Colinas da Serra. Segundo as primeiras \u00a0informa\u00e7\u00f5es da Pol\u00edcia Militar, um rapaz\u00a0de 22 anos, \u00a0foi baleado em frente \u00e0 resid\u00eancia de um parente na Rua Expedito Pereira Soares. Dois homens teriam chegado \u00e0 p\u00e9 e realizado 4 disparos, um deles atingiu [&hellip;]<\/p>\n","protected":false},"author":7,"featured_media":158007,"comment_status":"closed","ping_status":"closed","sticky":false,"template":"","format":"standard","meta":{"advanced_seo_description":"","jetpack_seo_html_title":"","jetpack_seo_noindex":false,"_jetpack_memberships_contains_paid_content":false,"footnotes":""},"categories":[13077,4],"tags":[1175,10725,1127,169,543,6165,739],"class_list":["post-195306","post","type-post","status-publish","format-standard","has-post-thumbnail","hentry","category-laterais-2","category-lavras","tag-bairro","tag-colinas","tag-homicidio","tag-lavras-2","tag-no","tag-serra","tag-tentativa"],"jetpack_featured_media_url":"","jetpack_sharing_enabled":true,"jetpack_likes_enabled":true,"_links":{"self":[{"href":"https:\/\/www.lavras24horas.com.br\/portal\/wp-json\/wp\/v2\/posts\/195306","targetHints":{"allow":["GET"]}}],"collection":[{"href":"https:\/\/www.lavras24horas.com.br\/portal\/wp-json\/wp\/v2\/posts"}],"about":[{"href":"https:\/\/www.lavras24horas.com.br\/portal\/wp-json\/wp\/v2\/types\/post"}],"author":[{"embeddable":true,"href":"https:\/\/www.lavras24horas.com.br\/portal\/wp-json\/wp\/v2\/users\/7"}],"replies":[{"embeddable":true,"href":"https:\/\/www.lavras24horas.com.br\/portal\/wp-json\/wp\/v2\/comments?post=195306"}],"version-history":[{"count":0,"href":"https:\/\/www.lavras24horas.com.br\/portal\/wp-json\/wp\/v2\/posts\/195306\/revisions"}],"wp:featuredmedia":[{"embeddable":true,"href":"https:\/\/www.lavras24horas.com.br\/portal\/wp-json\/"}],"wp:attachment":[{"href":"https:\/\/www.lavras24horas.com.br\/portal\/wp-json\/wp\/v2\/media?parent=195306"}],"wp:term":[{"taxonomy":"category","embeddable":true,"href":"https:\/\/www.lavras24horas.com.br\/portal\/wp-json\/wp\/v2\/categories?post=195306"},{"taxonomy":"post_tag","embeddable":true,"href":"https:\/\/www.lavras24horas.com.br\/portal\/wp-json\/wp\/v2\/tags?post=195306"}],"curies":[{"name":"wp","href":"https:\/\/api.w.org\/{rel}","templated":true}]}}