{"id":193182,"date":"2015-07-03T16:52:37","date_gmt":"2015-07-03T19:52:37","guid":{"rendered":"http:\/\/www.lavras24horas.com.br\/portal\/?p=193182"},"modified":"2015-07-03T17:00:13","modified_gmt":"2015-07-03T20:00:13","slug":"secretaria-da-mulher-manifesta-seu-repudio-contra-os-adesivos-de-carro-com-imagem-da-presidenta-dilma","status":"publish","type":"post","link":"https:\/\/www.lavras24horas.com.br\/portal\/secretaria-da-mulher-manifesta-seu-repudio-contra-os-adesivos-de-carro-com-imagem-da-presidenta-dilma\/","title":{"rendered":"Secretaria da Mulher  manifesta seu rep\u00fadio contra os adesivos de carro com imagem da Presidenta Dilma"},"content":{"rendered":"<div class=\"documentDescription\">\n<figure id=\"attachment_193183\" aria-describedby=\"caption-attachment-193183\" style=\"width: 494px\" class=\"wp-caption aligncenter\"><a href=\"https:\/\/i0.wp.com\/www.lavras24horas.com.br\/portal\/wp-content\/uploads\/2015\/07\/RSF_Dilma-Rousseff-coletiva-imprensa-Mexico_01-1024x683.jpg\"><img data-recalc-dims=\"1\" fetchpriority=\"high\" decoding=\"async\" data-attachment-id=\"193183\" data-permalink=\"https:\/\/www.lavras24horas.com.br\/portal\/secretaria-da-mulher-manifesta-seu-repudio-contra-os-adesivos-de-carro-com-imagem-da-presidenta-dilma\/rsf_dilma-rousseff-coletiva-imprensa-mexico_01-1024x683\/\" data-orig-file=\"https:\/\/i0.wp.com\/www.lavras24horas.com.br\/portal\/wp-content\/uploads\/2015\/07\/RSF_Dilma-Rousseff-coletiva-imprensa-Mexico_01-1024x683.jpg?fit=1024%2C683&amp;ssl=1\" data-orig-size=\"1024,683\" data-comments-opened=\"0\" data-image-meta=\"{&quot;aperture&quot;:&quot;0&quot;,&quot;credit&quot;:&quot;&quot;,&quot;camera&quot;:&quot;&quot;,&quot;caption&quot;:&quot;&quot;,&quot;created_timestamp&quot;:&quot;0&quot;,&quot;copyright&quot;:&quot;&quot;,&quot;focal_length&quot;:&quot;0&quot;,&quot;iso&quot;:&quot;0&quot;,&quot;shutter_speed&quot;:&quot;0&quot;,&quot;title&quot;:&quot;&quot;,&quot;orientation&quot;:&quot;0&quot;}\" data-image-title=\"RSF_Dilma-Rousseff-coletiva-imprensa-Mexico_01-1024&amp;#215;683\" data-image-description=\"\" data-image-caption=\"&lt;p&gt;Presidenta Dilma Rousseff \u00e9 alvo de protesto que isncita a viol\u00eancia sexual.Foto:Roberto Stuckert Filho\/ Fotos P\u00fablicas)&lt;\/p&gt;\n\" data-large-file=\"https:\/\/i0.wp.com\/www.lavras24horas.com.br\/portal\/wp-content\/uploads\/2015\/07\/RSF_Dilma-Rousseff-coletiva-imprensa-Mexico_01-1024x683.jpg?fit=494%2C330&amp;ssl=1\" class=\"size-large wp-image-193183\" src=\"https:\/\/i0.wp.com\/www.lavras24horas.com.br\/portal\/wp-content\/uploads\/2015\/07\/RSF_Dilma-Rousseff-coletiva-imprensa-Mexico_01-1024x683-494x330.jpg?resize=494%2C330\" alt=\"Presidenta Dilma Rousseff \u00e9 alvo de protesto que isncita a viol\u00eancia sexual.Foto:Roberto Stuckert Filho\/ Fotos P\u00fablicas)\" width=\"494\" height=\"330\" srcset=\"https:\/\/i0.wp.com\/www.lavras24horas.com.br\/portal\/wp-content\/uploads\/2015\/07\/RSF_Dilma-Rousseff-coletiva-imprensa-Mexico_01-1024x683.jpg?resize=494%2C330&amp;ssl=1 494w, https:\/\/i0.wp.com\/www.lavras24horas.com.br\/portal\/wp-content\/uploads\/2015\/07\/RSF_Dilma-Rousseff-coletiva-imprensa-Mexico_01-1024x683.jpg?resize=1024%2C683&amp;ssl=1 1024w\" sizes=\"(max-width: 494px) 100vw, 494px\" \/><\/a><figcaption id=\"caption-attachment-193183\" class=\"wp-caption-text\">Presidenta Dilma Rousseff \u00e9 alvo de protesto\u00a0com mensagem sexista. \u00a0Foto:Roberto Stuckert Filho\/ Fotos P\u00fablicas)<\/figcaption><\/figure>\n<\/div>\n<div class=\"documentDescription\"><\/div>\n<div id=\"parent-fieldname-description\" class=\"documentDescription\">A Secretaria da Mulher da C\u00e2mara dos Deputados manifesta seu rep\u00fadio contra os adesivos de carro com mensagem sexista e uso totalmente inadequado da imagem da Presidente da Rep\u00fablica, Dilma Rousseff. Al\u00e9m da Secretaria da Mulher, diversas entidades de defesa das mulheres se manifestaram contra a imagem. O adesivo era vendido em sites pela internet, deputadas cobram puni\u00e7\u00e3o aos respons\u00e1veis.Confira na \u00edntegra a nota.<\/div>\n<div class=\"documentDescription\"><\/div>\n<div class=\"documentDescription\"><\/div>\n<div id=\"content-core\">\n<div id=\"parent-fieldname-text\" class=\"plain\">\n<p><strong>NOTA DE REP\u00daDIO<\/strong><\/p>\n<p>A Secretaria da Mulher da C\u00e2mara dos Deputados manifesta seu rep\u00fadio contra os adesivos de carro com mensagem sexista e uso totalmente inadequado da imagem da Presidente da Rep\u00fablica, Dilma Rousseff.<\/p>\n<p>Os referidos adesivos, comercializados em sites de vendas pela internet, tinham a inten\u00e7\u00e3o de protestar contra o aumento dos pre\u00e7os dos combust\u00edveis, mas ultrapassaram todos os limites da liberdade de express\u00e3o regulados em lei. Eles foram confeccionados a parti<span class=\"text_exposed_show\">r de uma montagem, com o rosto da presidente Dilma Rousseff e o corpo de uma mulher com as pernas abertas, para ser colado na entrada dos tanques de combust\u00edveis.<\/span><\/p>\n<div class=\"text_exposed_show\">\n<p>Dessa forma, os adesivos, passam a ideia de que a bomba de combust\u00edvel estaria penetrando sexualmente a figura falsa da presidente. Tal fato constitui verdadeiro crime de Viol\u00eancia contra \u00e0s Mulheres. E mais grave ainda, o uso desrespeitoso, descabido e impr\u00f3prio da imagem da nossa Presidente da Rep\u00fablica constitui verdadeiro atentado \u00e0 Constitui\u00e7\u00e3o Brasileira que garante como um de seus princ\u00edpios fundamentais, a dignidade da pessoa humana.<\/p>\n<p>A circula\u00e7\u00e3o destes adesivos em ve\u00edculos nas cidades brasileiras e destas imagens nas m\u00eddias eletr\u00f4nicas \u00e9 uma afronta e um ato discriminat\u00f3rio contra todas as mulheres brasileiras.<\/p>\n<p>Dessa forma a Secretaria da Mulher da C\u00e2mara dos Deputados manifesta sua solidariedade \u00e0 Presidente Dilma Rousseff, solicitando \u00e0s autoridades competentes que retirem de circula\u00e7\u00e3o todos esses adesivos como tamb\u00e9m pro\u00edbam a veicula\u00e7\u00e3o dessas imagens nas m\u00eddias.<\/p>\n<p>Pedimos, ainda, a responsabiliza\u00e7\u00e3o civil e penal de todos os envolvidos na fabrica\u00e7\u00e3o, distribui\u00e7\u00e3o e comercializa\u00e7\u00e3o deste material bem como na divulga\u00e7\u00e3o das imagens nos meios eletr\u00f4nicos.<\/p>\n<p>Deputada ELCIONE BARBALHO<br \/>\nProcuradora da Mulher<\/p>\n<p>Deputada D\u00c2MINA PEREIRA<br \/>\nCoordenadora dos Direitos da Mulher<\/p>\n<p>&nbsp;<\/p>\n<p>Fonte: \u00a0Secretaria da Mulher- C\u00e2mara dos Deputados<\/p>\n<\/div>\n<\/div>\n<\/div>\n","protected":false},"excerpt":{"rendered":"<p>A Secretaria da Mulher da C\u00e2mara dos Deputados manifesta seu rep\u00fadio contra os adesivos de carro com mensagem sexista e uso totalmente inadequado da imagem da Presidente da Rep\u00fablica, Dilma Rousseff. Al\u00e9m da Secretaria da Mulher, diversas entidades de defesa das mulheres se manifestaram contra a imagem. O adesivo era vendido em sites pela internet, [&hellip;]<\/p>\n","protected":false},"author":7,"featured_media":193183,"comment_status":"closed","ping_status":"closed","sticky":false,"template":"","format":"standard","meta":{"advanced_seo_description":"","jetpack_seo_html_title":"","jetpack_seo_noindex":false,"_jetpack_memberships_contains_paid_content":false,"footnotes":""},"categories":[4],"tags":[24981,1035,1307,2190,10538,698,812,7006,18323,1375,1330],"class_list":["post-193182","post","type-post","status-publish","format-standard","has-post-thumbnail","hentry","category-lavras","tag-adesivos","tag-carro","tag-dilma","tag-imagem","tag-manifesta","tag-mulher","tag-os","tag-presidenta","tag-repudio","tag-secretaria","tag-seu"],"jetpack_featured_media_url":"https:\/\/i0.wp.com\/www.lavras24horas.com.br\/portal\/wp-content\/uploads\/2015\/07\/RSF_Dilma-Rousseff-coletiva-imprensa-Mexico_01-1024x683.jpg?fit=1024%2C683&ssl=1","jetpack_sharing_enabled":true,"jetpack_likes_enabled":true,"jetpack_shortlink":"https:\/\/wp.me\/p12djN-OfQ","_links":{"self":[{"href":"https:\/\/www.lavras24horas.com.br\/portal\/wp-json\/wp\/v2\/posts\/193182","targetHints":{"allow":["GET"]}}],"collection":[{"href":"https:\/\/www.lavras24horas.com.br\/portal\/wp-json\/wp\/v2\/posts"}],"about":[{"href":"https:\/\/www.lavras24horas.com.br\/portal\/wp-json\/wp\/v2\/types\/post"}],"author":[{"embeddable":true,"href":"https:\/\/www.lavras24horas.com.br\/portal\/wp-json\/wp\/v2\/users\/7"}],"replies":[{"embeddable":true,"href":"https:\/\/www.lavras24horas.com.br\/portal\/wp-json\/wp\/v2\/comments?post=193182"}],"version-history":[{"count":0,"href":"https:\/\/www.lavras24horas.com.br\/portal\/wp-json\/wp\/v2\/posts\/193182\/revisions"}],"wp:featuredmedia":[{"embeddable":true,"href":"https:\/\/www.lavras24horas.com.br\/portal\/wp-json\/wp\/v2\/media\/193183"}],"wp:attachment":[{"href":"https:\/\/www.lavras24horas.com.br\/portal\/wp-json\/wp\/v2\/media?parent=193182"}],"wp:term":[{"taxonomy":"category","embeddable":true,"href":"https:\/\/www.lavras24horas.com.br\/portal\/wp-json\/wp\/v2\/categories?post=193182"},{"taxonomy":"post_tag","embeddable":true,"href":"https:\/\/www.lavras24horas.com.br\/portal\/wp-json\/wp\/v2\/tags?post=193182"}],"curies":[{"name":"wp","href":"https:\/\/api.w.org\/{rel}","templated":true}]}}