{"id":191883,"date":"2015-06-01T15:03:21","date_gmt":"2015-06-01T18:03:21","guid":{"rendered":"http:\/\/www.lavras24horas.com.br\/portal\/?p=191883"},"modified":"2015-06-01T15:10:09","modified_gmt":"2015-06-01T18:10:09","slug":"com-numeros-em-queda-atendimento-para-pacientes-com-dengue-deve-volta-a-ser-realizado-na-urpa","status":"publish","type":"post","link":"https:\/\/www.lavras24horas.com.br\/portal\/com-numeros-em-queda-atendimento-para-pacientes-com-dengue-deve-volta-a-ser-realizado-na-urpa\/","title":{"rendered":"N\u00famero de casos de dengue recua em Lavras e atendimento volta a ser feito na URPA"},"content":{"rendered":"<p style=\"text-align: justify;\"><img data-recalc-dims=\"1\" fetchpriority=\"high\" decoding=\"async\" data-attachment-id=\"191885\" data-permalink=\"https:\/\/www.lavras24horas.com.br\/portal\/com-numeros-em-queda-atendimento-para-pacientes-com-dengue-deve-volta-a-ser-realizado-na-urpa\/4-copia\/\" data-orig-file=\"https:\/\/i0.wp.com\/www.lavras24horas.com.br\/portal\/wp-content\/uploads\/2015\/06\/4-Copia.jpg?fit=700%2C465&amp;ssl=1\" data-orig-size=\"700,465\" data-comments-opened=\"0\" data-image-meta=\"{&quot;aperture&quot;:&quot;0&quot;,&quot;credit&quot;:&quot;&quot;,&quot;camera&quot;:&quot;&quot;,&quot;caption&quot;:&quot;&quot;,&quot;created_timestamp&quot;:&quot;0&quot;,&quot;copyright&quot;:&quot;&quot;,&quot;focal_length&quot;:&quot;0&quot;,&quot;iso&quot;:&quot;0&quot;,&quot;shutter_speed&quot;:&quot;0&quot;,&quot;title&quot;:&quot;&quot;,&quot;orientation&quot;:&quot;0&quot;}\" data-image-title=\"4 &amp;#8211; C\u00f3pia\" data-image-description=\"\" data-image-caption=\"\" data-large-file=\"https:\/\/i0.wp.com\/www.lavras24horas.com.br\/portal\/wp-content\/uploads\/2015\/06\/4-Copia.jpg?fit=496%2C330&amp;ssl=1\" class=\"aligncenter size-full wp-image-191885\" src=\"https:\/\/i0.wp.com\/www.lavras24horas.com.br\/portal\/wp-content\/uploads\/2015\/06\/4-Copia.jpg?resize=700%2C465\" alt=\"4 - C\u00f3pia\" width=\"700\" height=\"465\" srcset=\"https:\/\/i0.wp.com\/www.lavras24horas.com.br\/portal\/wp-content\/uploads\/2015\/06\/4-Copia.jpg?w=700&amp;ssl=1 700w, https:\/\/i0.wp.com\/www.lavras24horas.com.br\/portal\/wp-content\/uploads\/2015\/06\/4-Copia.jpg?resize=496%2C330&amp;ssl=1 496w\" sizes=\"(max-width: 700px) 100vw, 700px\" \/><\/p>\n<p style=\"text-align: justify;\">Com a chegada do frio e com o n\u00famero de notifica\u00e7\u00f5es de casos de dengue dando sinais de queda, a partir desta segunda-feira (01\/06), os atendimentos para os pacientes com suspeita da doen\u00e7a voltam a ser realizados na Unidade Regional de Pronto Atendimento (URPA).<\/p>\n<p style=\"text-align: justify;\">Desde o dia 7 de maio passado, os atendimentos estavam sendo realizados nas barracas do Ex\u00e9rcito, na Secretaria de Esportes, Lazer e Turismo (SELT). As atividades realizadas no local terminaram na \u00faltima sexta-feira (29\/05). De acordo com balan\u00e7o divulgado pela Secretaria de Sa\u00fade, a estrutura permitiu o atendimento para cerca de 5.000 pacientes, aliviou em 80% o movimento na URPA e em 30% na Santa Casa e Hospital Vaz Monteiro.<\/p>\n<p style=\"text-align: justify;\">A estrutura montada funcionou com tr\u00eas tendas equipadas com toda a infraestrutura necess\u00e1ria para triagem, medica\u00e7\u00e3o e hidrata\u00e7\u00e3o dos pacientes. A equipe de profissionais contou com dois m\u00e9dicos, quatro enfermeiros e cinco t\u00e9cnicos de enfermagem que atuam nas unidades de sa\u00fade do munic\u00edpio, al\u00e9m de dez estagi\u00e1rios de enfermagem e t\u00e9cnicos de enfermagem da UNILAVRAS. Cinco atiradores do Tiro de Guerra deram apoio a todo o trabalho.<\/p>\n<p style=\"text-align: justify;\"><strong>Reuni\u00e3o define implanta\u00e7\u00e3o do N\u00facleo Epidemiol\u00f3gico na URPA<\/strong><\/p>\n<p style=\"text-align: justify;\">Enfermeiros que atuam na Vigil\u00e2ncia Epidemiol\u00f3gica, URPA e na Santa Casa participar\u00e3o de um treinamento para a implanta\u00e7\u00e3o do N\u00facleo Epidemiol\u00f3gico na URPA que ser\u00e1 realizado no dia 10 de junho, na Unidade de Pronto Atendimento de Varginha (UPA), onde j\u00e1 foi implantado o setor. A data da implanta\u00e7\u00e3o da unidade em Lavras ser\u00e1 definida ap\u00f3s a capacita\u00e7\u00e3o.<\/p>\n<p style=\"text-align: justify;\">O N\u00facleo Epidemiol\u00f3gico tem por finalidade centralizar e organizar os atendimentos de casos de doen\u00e7as de notifica\u00e7\u00e3o compuls\u00f3ria \u2013 dengue, coqueluche, meningite, leishmaniose, entre outras. O setor tamb\u00e9m atender\u00e1 casos de viol\u00eancia e de acidentes de trabalho.<\/p>\n<p style=\"text-align: justify;\">\u00a0<strong>Vigil\u00e2ncia em Sa\u00fade solicita novos equipamentos para ciclo de fumac\u00ea costal<\/strong><\/p>\n<p style=\"text-align: justify;\">A Vigil\u00e2ncia em Sa\u00fade solicitou \u00e0 Superintend\u00eancia Regional de Sa\u00fade de Varginha quatro novas bombas para fumac\u00ea costal, com o objetivo de ampliar o servi\u00e7o de combate ao mosquito da dengue. Com esta medida, o munic\u00edpio contar\u00e1 com oito bombas para fumac\u00ea costal. O equipamento \u00e9 utilizado para a aplica\u00e7\u00e3o do inseticida nos becos e ruas de bairros em que n\u00e3o \u00e9 poss\u00edvel a entrada do caminh\u00e3o. \u00c9 utilizada em grandes espa\u00e7os, como cemit\u00e9rios e ferros-velhos. Neste caso, os agentes de endemias percorrem locais espec\u00edficos com o equipamento nas costas.<\/p>\n<p style=\"text-align: justify;\"><strong>Bairro Dona Wanda recebe mutir\u00e3o de limpeza dos agentes de endemias<\/strong><\/p>\n<p style=\"text-align: justify;\">De acordo com o cronograma da Vigil\u00e2ncia em Sa\u00fade, a partir desta 2\u00aa feira (01\/06) os agentes de endemias estar\u00e3o no bairro Dona Wanda, para orientar os moradores sobre as medidas necess\u00e1rias para combater a prolifera\u00e7\u00e3o do mosquito transmissor da dengue. As a\u00e7\u00f5es v\u00e3o at\u00e9 sexta-feira (05\/06), dia em que \u00e9 realizado o mutir\u00e3o ampliado da semana: um grande bota-fora, com a limpeza do bairro por meio da capina, varri\u00e7\u00e3o, al\u00e9m da retirada de entulhos com o apoio de um caminh\u00e3o. Na semana seguinte o mutir\u00e3o ser\u00e1 realizado no bairro Novo Horizonte. Depois desta data, que encerrar\u00e1 o cronograma de mutir\u00f5es semanais, as a\u00e7\u00f5es acontecer\u00e3o mensalmente.<\/p>\n<p style=\"text-align: justify;\"><strong>Vigil\u00e2ncia em Sa\u00fade firma parceria com a ACAMAR para a realiza\u00e7\u00e3o de mutir\u00f5es mensais<\/strong><\/p>\n<p style=\"text-align: justify;\">A Vigil\u00e2ncia em Sa\u00fade firmou uma parceria com a Associa\u00e7\u00e3o dos Catadores de Materiais Recicl\u00e1veis (ACAMAR) para trabalhar no recolhimento de materiais recicl\u00e1veis durante os mutir\u00f5es que ser\u00e3o realizados mensalmente, a partir de julho.<\/p>\n<p style=\"text-align: justify;\">Ser\u00e3o implantados postos de coleta de lixo recicl\u00e1vel em cada bairro onde ser\u00e3o realizados os mutir\u00f5es. O novo cronograma ainda est\u00e1 em fase de elabora\u00e7\u00e3o.<\/p>\n<p style=\"text-align: justify;\"><strong>N\u00famero de casos<\/strong><\/p>\n<p style=\"text-align: justify;\">O n\u00famero de notifica\u00e7\u00f5es de dengue em Lavras j\u00e1 registra queda. A diminui\u00e7\u00e3o de atendimentos nos casos da doen\u00e7a j\u00e1 pode ser constatada nas unidades de Sa\u00fade do munic\u00edpio e tamb\u00e9m no levantamento semanal registrado pela Vigil\u00e2ncia Epidemiol\u00f3gica, setor da Secretaria Municipal de Sa\u00fade respons\u00e1vel pelo combate \u00e0 dengue na cidade. At\u00e9 o fechamento dos dados, realizado nesta segunda-feira (01\/06), foram 5.813 casos notificados e 2.278 casos confirmados da doen\u00e7a.<\/p>\n<p style=\"text-align: justify;\">O n\u00famero acumulado de casos desde o in\u00edcio do ano ainda cresce, em raz\u00e3o da tabula\u00e7\u00e3o lenta registrada no Sistema de Informa\u00e7\u00f5es de Agravos de Notifica\u00e7\u00f5es (SINAN), que apresenta congestionamento, j\u00e1 que \u00e9 utilizado ao mesmo tempo por munic\u00edpios de todo o pa\u00eds. S\u00e3o casos que j\u00e1 aconteceram e cujos pacientes j\u00e1 se curaram da doen\u00e7a, j\u00e1 que o per\u00edodo m\u00e9dio de incuba\u00e7\u00e3o da doen\u00e7a at\u00e9 sua completa recupera\u00e7\u00e3o dura de 7 a 10 dias.<\/p>\n<p style=\"text-align: justify;\"><strong>Uma semana tem mais de 10 mil minutos. Que tal usar apenas 15 deles para combater a dengue dentro de casa?<\/strong><\/p>\n<p style=\"text-align: justify;\">Elimine todos os focos de \u00e1gua parada em sua resid\u00eancia: pratinhos de vasos de plantas; pneus e garrafas PET, entre outros. Mantenha sempre a lixeira tampada. Caso tenha, limpe a piscina uma vez por semana e trate a \u00e1gua com cloro. Verifique se a veda\u00e7\u00e3o da caixa d&#8217; \u00e1gua est\u00e1 correta. Mantenha a tampa do vaso sanit\u00e1rio sempre fechada. Seque e guarde em local aberto todos os materiais em uso e que possam acumular \u00e1gua. <strong>O ovo do mosquito transmissor resiste por mais de um ano e, caso haja nova presen\u00e7a de \u00e1gua, o ciclo evolutivo \u00e9 retomado.<\/strong><\/p>\n<p>\u00ad<\/p>\n","protected":false},"excerpt":{"rendered":"<p>Com a chegada do frio e com o n\u00famero de notifica\u00e7\u00f5es de casos de dengue dando sinais de queda, a partir desta segunda-feira (01\/06), os atendimentos para os pacientes com suspeita da doen\u00e7a voltam a ser realizados na Unidade Regional de Pronto Atendimento (URPA). Desde o dia 7 de maio passado, os atendimentos estavam sendo [&hellip;]<\/p>\n","protected":false},"author":7,"featured_media":191885,"comment_status":"closed","ping_status":"closed","sticky":false,"template":"","format":"standard","meta":{"advanced_seo_description":"","jetpack_seo_html_title":"","jetpack_seo_noindex":false,"_jetpack_memberships_contains_paid_content":false,"footnotes":""},"categories":[4],"tags":[3584,170,2445,506,4019,1720,1878,939,3934,2439],"class_list":["post-191883","post","type-post","status-publish","format-standard","has-post-thumbnail","hentry","category-lavras","tag-atendimento","tag-dengue","tag-deve","tag-na","tag-numeros","tag-pacientes","tag-queda","tag-realizado","tag-urpa","tag-volta"],"jetpack_featured_media_url":"https:\/\/i0.wp.com\/www.lavras24horas.com.br\/portal\/wp-content\/uploads\/2015\/06\/4-Copia.jpg?fit=700%2C465&ssl=1","jetpack_sharing_enabled":true,"jetpack_likes_enabled":true,"_links":{"self":[{"href":"https:\/\/www.lavras24horas.com.br\/portal\/wp-json\/wp\/v2\/posts\/191883","targetHints":{"allow":["GET"]}}],"collection":[{"href":"https:\/\/www.lavras24horas.com.br\/portal\/wp-json\/wp\/v2\/posts"}],"about":[{"href":"https:\/\/www.lavras24horas.com.br\/portal\/wp-json\/wp\/v2\/types\/post"}],"author":[{"embeddable":true,"href":"https:\/\/www.lavras24horas.com.br\/portal\/wp-json\/wp\/v2\/users\/7"}],"replies":[{"embeddable":true,"href":"https:\/\/www.lavras24horas.com.br\/portal\/wp-json\/wp\/v2\/comments?post=191883"}],"version-history":[{"count":0,"href":"https:\/\/www.lavras24horas.com.br\/portal\/wp-json\/wp\/v2\/posts\/191883\/revisions"}],"wp:featuredmedia":[{"embeddable":true,"href":"https:\/\/www.lavras24horas.com.br\/portal\/wp-json\/wp\/v2\/media\/191885"}],"wp:attachment":[{"href":"https:\/\/www.lavras24horas.com.br\/portal\/wp-json\/wp\/v2\/media?parent=191883"}],"wp:term":[{"taxonomy":"category","embeddable":true,"href":"https:\/\/www.lavras24horas.com.br\/portal\/wp-json\/wp\/v2\/categories?post=191883"},{"taxonomy":"post_tag","embeddable":true,"href":"https:\/\/www.lavras24horas.com.br\/portal\/wp-json\/wp\/v2\/tags?post=191883"}],"curies":[{"name":"wp","href":"https:\/\/api.w.org\/{rel}","templated":true}]}}