{"id":188137,"date":"2015-03-01T09:48:37","date_gmt":"2015-03-01T12:48:37","guid":{"rendered":"http:\/\/www.lavras24horas.com.br\/portal\/?p=188137"},"modified":"2015-03-01T09:49:55","modified_gmt":"2015-03-01T12:49:55","slug":"nem-prefeito-escapa-das-multas-de-transito-em-lavras","status":"publish","type":"post","link":"https:\/\/www.lavras24horas.com.br\/portal\/nem-prefeito-escapa-das-multas-de-transito-em-lavras\/","title":{"rendered":"Nem Prefeito Silas Costa Pereira escapa das multas de tr\u00e2nsito em Lavras"},"content":{"rendered":"<figure id=\"attachment_188138\" aria-describedby=\"caption-attachment-188138\" style=\"width: 512px\" class=\"wp-caption aligncenter\"><a href=\"https:\/\/i0.wp.com\/www.lavras24horas.com.br\/portal\/wp-content\/uploads\/2015\/03\/agentes_de_transito_multa_foto_ascom_pml.jpg\"><img data-recalc-dims=\"1\" fetchpriority=\"high\" decoding=\"async\" data-attachment-id=\"188138\" data-permalink=\"https:\/\/www.lavras24horas.com.br\/portal\/nem-prefeito-escapa-das-multas-de-transito-em-lavras\/agentes_de_transito_multa_foto_ascom_pml\/\" data-orig-file=\"https:\/\/i0.wp.com\/www.lavras24horas.com.br\/portal\/wp-content\/uploads\/2015\/03\/agentes_de_transito_multa_foto_ascom_pml.jpg?fit=512%2C301&amp;ssl=1\" data-orig-size=\"512,301\" data-comments-opened=\"0\" data-image-meta=\"{&quot;aperture&quot;:&quot;0&quot;,&quot;credit&quot;:&quot;&quot;,&quot;camera&quot;:&quot;&quot;,&quot;caption&quot;:&quot;&quot;,&quot;created_timestamp&quot;:&quot;0&quot;,&quot;copyright&quot;:&quot;&quot;,&quot;focal_length&quot;:&quot;0&quot;,&quot;iso&quot;:&quot;0&quot;,&quot;shutter_speed&quot;:&quot;0&quot;,&quot;title&quot;:&quot;&quot;,&quot;orientation&quot;:&quot;0&quot;}\" data-image-title=\"agentes_de_transito_multa_foto_ascom_pml\" data-image-description=\"\" data-image-caption=\"&lt;p&gt;Agentes de tr\u00e2nsito atuando no Centro de Lavras. Foto: Ascom PML (Arquivo)&lt;\/p&gt;\n\" data-large-file=\"https:\/\/i0.wp.com\/www.lavras24horas.com.br\/portal\/wp-content\/uploads\/2015\/03\/agentes_de_transito_multa_foto_ascom_pml.jpg?fit=512%2C301&amp;ssl=1\" class=\"size-full wp-image-188138\" src=\"https:\/\/i0.wp.com\/www.lavras24horas.com.br\/portal\/wp-content\/uploads\/2015\/03\/agentes_de_transito_multa_foto_ascom_pml.jpg?resize=512%2C301\" alt=\"Agentes de tr\u00e2nsito atuando no Centro de Lavras. Foto: Ascom PML (Arquivo)\" width=\"512\" height=\"301\" \/><\/a><figcaption id=\"caption-attachment-188138\" class=\"wp-caption-text\">Agentes de tr\u00e2nsito atuando no Centro de Lavras. Foto: Ascom PML (Arquivo)<\/figcaption><\/figure>\n<p>&nbsp;<\/p>\n<p>Desde a \u00faltima ter\u00e7a-feira (24), a Secretaria Municipal de Defesa Social e Tr\u00e2nsito tem publicado diariamente, no Di\u00e1rio Oficial do Munic\u00edpio , as notifica\u00e7\u00f5es dos motoristas e dos\u00a0propriet\u00e1rios dos ve\u00edculos que descumpriram as normas estabelecidas no \u00a0C\u00f3digo de Tr\u00e2nsito Brasileiro.<\/p>\n<p>Nem o Prefeito de Lavras, Silas Costa Pereira, escapou das autua\u00e7\u00f5es, segundo o Di\u00e1rio da \u00faltima sexta-feira (27), o nome do prefeito aparece entre os propriet\u00e1rios notificados por &#8220;Dirigir ve\u00edculo utilizando-se de telefone celular &#8220;, o fato teria ocorrido no dia 23 de fevereiro \u00e0s 10h, na Rua Doutor Francisco Salles, no Centro. N\u00e3o se sabe se era o pr\u00f3prio prefeito que dirigia o carro ou outra pessoa.<\/p>\n<p>A maioria das autua\u00e7\u00f5es registradas pela Secretaria de Tr\u00e2nsito se referem a estacionar em locais proibidos , uso do telefone celular ao volante e deixar de dar prefer\u00eancia a pedestres.<\/p>\n<p>Quem deseja apresentar recurso, t\u00eam o prazo de 30 dias a partir da publica\u00e7\u00e3o das notifica\u00e7\u00f5es para ir pessoalmente at\u00e9 a sede \u00a0da Secretaria\u00a0Municipal de Tr\u00e2nsito que fica na \u00a0Rua Raul Soares, n\u00ba 65 , no\u00a0Centro de\u00a0\u00a0Lavras. Os \u00a0documentos necess\u00e1rios para a interposi\u00e7\u00e3o da defesa s\u00e3o : c\u00f3pia da notifica\u00e7\u00e3o ou outro documento equivalente; C\u00f3pia da CNH ou outro documento de identifica\u00e7\u00e3o que comprove a assinatura do requerente e, quando pessoa jur\u00eddica, documento comprovando a representa\u00e7\u00e3o; c\u00f3pia do CRLV e procura\u00e7\u00e3o, quando for o caso.<\/p>\n<p>Para ter acesso as notifica\u00e7\u00f5es basta acessar a p\u00e1gina da Prefeitura Municipal:\u00a0www.lavras.mg.gov.br<\/p>\n","protected":false},"excerpt":{"rendered":"<p>&nbsp; Desde a \u00faltima ter\u00e7a-feira (24), a Secretaria Municipal de Defesa Social e Tr\u00e2nsito tem publicado diariamente, no Di\u00e1rio Oficial do Munic\u00edpio , as notifica\u00e7\u00f5es dos motoristas e dos\u00a0propriet\u00e1rios dos ve\u00edculos que descumpriram as normas estabelecidas no \u00a0C\u00f3digo de Tr\u00e2nsito Brasileiro. Nem o Prefeito de Lavras, Silas Costa Pereira, escapou das autua\u00e7\u00f5es, segundo o Di\u00e1rio [&hellip;]<\/p>\n","protected":false},"author":7,"featured_media":188138,"comment_status":"closed","ping_status":"closed","sticky":false,"template":"","format":"standard","meta":{"advanced_seo_description":"","jetpack_seo_html_title":"","jetpack_seo_noindex":false,"_jetpack_memberships_contains_paid_content":false,"footnotes":""},"categories":[13,4],"tags":[1167,4243,169,3103,6043,4291,400],"class_list":["post-188137","post","type-post","status-publish","format-standard","has-post-thumbnail","hentry","category-laterais-1","category-lavras","tag-das","tag-escapa","tag-lavras-2","tag-multas","tag-nem","tag-prefeito","tag-transito"],"jetpack_featured_media_url":"https:\/\/i0.wp.com\/www.lavras24horas.com.br\/portal\/wp-content\/uploads\/2015\/03\/agentes_de_transito_multa_foto_ascom_pml.jpg?fit=512%2C301&ssl=1","jetpack_sharing_enabled":true,"jetpack_likes_enabled":true,"jetpack_shortlink":"https:\/\/wp.me\/p12djN-MWt","_links":{"self":[{"href":"https:\/\/www.lavras24horas.com.br\/portal\/wp-json\/wp\/v2\/posts\/188137","targetHints":{"allow":["GET"]}}],"collection":[{"href":"https:\/\/www.lavras24horas.com.br\/portal\/wp-json\/wp\/v2\/posts"}],"about":[{"href":"https:\/\/www.lavras24horas.com.br\/portal\/wp-json\/wp\/v2\/types\/post"}],"author":[{"embeddable":true,"href":"https:\/\/www.lavras24horas.com.br\/portal\/wp-json\/wp\/v2\/users\/7"}],"replies":[{"embeddable":true,"href":"https:\/\/www.lavras24horas.com.br\/portal\/wp-json\/wp\/v2\/comments?post=188137"}],"version-history":[{"count":0,"href":"https:\/\/www.lavras24horas.com.br\/portal\/wp-json\/wp\/v2\/posts\/188137\/revisions"}],"wp:featuredmedia":[{"embeddable":true,"href":"https:\/\/www.lavras24horas.com.br\/portal\/wp-json\/wp\/v2\/media\/188138"}],"wp:attachment":[{"href":"https:\/\/www.lavras24horas.com.br\/portal\/wp-json\/wp\/v2\/media?parent=188137"}],"wp:term":[{"taxonomy":"category","embeddable":true,"href":"https:\/\/www.lavras24horas.com.br\/portal\/wp-json\/wp\/v2\/categories?post=188137"},{"taxonomy":"post_tag","embeddable":true,"href":"https:\/\/www.lavras24horas.com.br\/portal\/wp-json\/wp\/v2\/tags?post=188137"}],"curies":[{"name":"wp","href":"https:\/\/api.w.org\/{rel}","templated":true}]}}