{"id":188128,"date":"2015-03-01T08:36:58","date_gmt":"2015-03-01T11:36:58","guid":{"rendered":"http:\/\/www.lavras24horas.com.br\/portal\/?p=188128"},"modified":"2015-03-01T08:38:11","modified_gmt":"2015-03-01T11:38:11","slug":"noite-de-sabado-tensa-em-lavras-alem-de-homicidio-na-v-alzira-teve-briga-com-facao-no-j-candido","status":"publish","type":"post","link":"https:\/\/www.lavras24horas.com.br\/portal\/noite-de-sabado-tensa-em-lavras-alem-de-homicidio-na-v-alzira-teve-briga-com-facao-no-j-candido\/","title":{"rendered":"Noite de S\u00e1bado tensa em Lavras, al\u00e9m de homic\u00eddio, teve briga com fac\u00e3o no J. C\u00e2ndido"},"content":{"rendered":"<p><a href=\"https:\/\/i0.wp.com\/www.lavras24horas.com.br\/portal\/wp-content\/uploads\/2011\/09\/acidente_viatura_giroflex_sirene_bombeiros_policia_militar.jpg\"><img data-recalc-dims=\"1\" fetchpriority=\"high\" decoding=\"async\" class=\"aligncenter size-large wp-image-79359\" src=\"https:\/\/i0.wp.com\/www.lavras24horas.com.br\/portal\/wp-content\/uploads\/2011\/09\/acidente_viatura_giroflex_sirene_bombeiros_policia_militar-420x266.jpg?resize=420%2C266\" alt=\"acidente_viatura_giroflex_sirene_bombeiros_policia_militar\" width=\"420\" height=\"266\" \/><\/a><\/p>\n<p>A noite do \u00faltimo dia de Fevereiro foi tensa em Lavras, por volta das 22h20, um homem de 35 anos foi morto com 4 tiros na Vila Alzira. J\u00e1 por volta das 23h30, um\u00a0rapaz de 23 anos foi agredido por golpes de fac\u00e3o no bairro Judith C\u00e2ndido.<\/p>\n<p>O rapaz teria se envolvido em uma briga com um menor e este lhe atingiu com um fac\u00e3o, no pesco\u00e7o e na m\u00e3o esquerda.<\/p>\n<p>Jo\u00e3o Paulo Pereira, foi socorrido pelo Corpo de Bombeiros at\u00e9 a Unidade Regional de Pronto Atendimento (URPA), e apesar da extens\u00e3o do ferimento, ele estava consciente e n\u00e3o corre risco de morte.<\/p>\n<p>Enquanto a v\u00edtima estava recebendo os cuidados m\u00e9dicos, \u00a0amigos do menor infrator foram at\u00e9 a casa de Jo\u00e3o Paulo e atiraram pedras nos vidros das portas e janelas, causando grande preju\u00edzo.<\/p>\n<p>A Pol\u00edcia Militar continua o rastreamento para a localiza\u00e7\u00e3o dos menores infratores.<\/p>\n<p>&nbsp;<\/p>\n<p>&nbsp;<\/p>\n<p>&nbsp;<\/p>\n","protected":false},"excerpt":{"rendered":"<p>A noite do \u00faltimo dia de Fevereiro foi tensa em Lavras, por volta das 22h20, um homem de 35 anos foi morto com 4 tiros na Vila Alzira. J\u00e1 por volta das 23h30, um\u00a0rapaz de 23 anos foi agredido por golpes de fac\u00e3o no bairro Judith C\u00e2ndido. O rapaz teria se envolvido em uma briga [&hellip;]<\/p>\n","protected":false},"author":7,"featured_media":162576,"comment_status":"closed","ping_status":"closed","sticky":false,"template":"","format":"standard","meta":{"advanced_seo_description":"","jetpack_seo_html_title":"","jetpack_seo_noindex":false,"_jetpack_memberships_contains_paid_content":false,"footnotes":""},"categories":[4],"tags":[6635,1317,1499,9759,8842,1127,22728,169,506,543,1402,797,22611,3547,24234],"class_list":["post-188128","post","type-post","status-publish","format-standard","has-post-thumbnail","hentry","category-lavras","tag-alem","tag-alzira","tag-briga","tag-candido","tag-facao","tag-homicidio","tag-j","tag-lavras-2","tag-na","tag-no","tag-noite","tag-sabado","tag-tensa","tag-teve","tag-v"],"jetpack_featured_media_url":"","jetpack_sharing_enabled":true,"jetpack_likes_enabled":true,"jetpack_shortlink":"https:\/\/wp.me\/p12djN-MWk","_links":{"self":[{"href":"https:\/\/www.lavras24horas.com.br\/portal\/wp-json\/wp\/v2\/posts\/188128","targetHints":{"allow":["GET"]}}],"collection":[{"href":"https:\/\/www.lavras24horas.com.br\/portal\/wp-json\/wp\/v2\/posts"}],"about":[{"href":"https:\/\/www.lavras24horas.com.br\/portal\/wp-json\/wp\/v2\/types\/post"}],"author":[{"embeddable":true,"href":"https:\/\/www.lavras24horas.com.br\/portal\/wp-json\/wp\/v2\/users\/7"}],"replies":[{"embeddable":true,"href":"https:\/\/www.lavras24horas.com.br\/portal\/wp-json\/wp\/v2\/comments?post=188128"}],"version-history":[{"count":0,"href":"https:\/\/www.lavras24horas.com.br\/portal\/wp-json\/wp\/v2\/posts\/188128\/revisions"}],"wp:featuredmedia":[{"embeddable":true,"href":"https:\/\/www.lavras24horas.com.br\/portal\/wp-json\/"}],"wp:attachment":[{"href":"https:\/\/www.lavras24horas.com.br\/portal\/wp-json\/wp\/v2\/media?parent=188128"}],"wp:term":[{"taxonomy":"category","embeddable":true,"href":"https:\/\/www.lavras24horas.com.br\/portal\/wp-json\/wp\/v2\/categories?post=188128"},{"taxonomy":"post_tag","embeddable":true,"href":"https:\/\/www.lavras24horas.com.br\/portal\/wp-json\/wp\/v2\/tags?post=188128"}],"curies":[{"name":"wp","href":"https:\/\/api.w.org\/{rel}","templated":true}]}}