{"id":188119,"date":"2015-02-28T23:28:16","date_gmt":"2015-03-01T02:28:16","guid":{"rendered":"http:\/\/www.lavras24horas.com.br\/portal\/?p=188119"},"modified":"2015-03-01T10:54:18","modified_gmt":"2015-03-01T13:54:18","slug":"4o-homicidio-do-ano-em-lavras-homem-e-morto-a-tiros-na-vila-alzira","status":"publish","type":"post","link":"https:\/\/www.lavras24horas.com.br\/portal\/4o-homicidio-do-ano-em-lavras-homem-e-morto-a-tiros-na-vila-alzira\/","title":{"rendered":"4\u00ba Homic\u00eddio do Ano em Lavras: Homem \u00e9 morto a tiros na Vila Alzira"},"content":{"rendered":"<figure id=\"attachment_188121\" aria-describedby=\"caption-attachment-188121\" style=\"width: 185px\" class=\"wp-caption aligncenter\"><a href=\"https:\/\/i0.wp.com\/www.lavras24horas.com.br\/portal\/wp-content\/uploads\/2015\/02\/11023389_793687834052978_134717290_o.jpg\"><img data-recalc-dims=\"1\" fetchpriority=\"high\" decoding=\"async\" data-attachment-id=\"188121\" data-permalink=\"https:\/\/www.lavras24horas.com.br\/portal\/4o-homicidio-do-ano-em-lavras-homem-e-morto-a-tiros-na-vila-alzira\/11023389_793687834052978_134717290_o\/\" data-orig-file=\"https:\/\/i0.wp.com\/www.lavras24horas.com.br\/portal\/wp-content\/uploads\/2015\/02\/11023389_793687834052978_134717290_o.jpg?fit=581%2C1032&amp;ssl=1\" data-orig-size=\"581,1032\" data-comments-opened=\"0\" data-image-meta=\"{&quot;aperture&quot;:&quot;0&quot;,&quot;credit&quot;:&quot;&quot;,&quot;camera&quot;:&quot;&quot;,&quot;caption&quot;:&quot;&quot;,&quot;created_timestamp&quot;:&quot;0&quot;,&quot;copyright&quot;:&quot;&quot;,&quot;focal_length&quot;:&quot;0&quot;,&quot;iso&quot;:&quot;0&quot;,&quot;shutter_speed&quot;:&quot;0&quot;,&quot;title&quot;:&quot;&quot;,&quot;orientation&quot;:&quot;0&quot;}\" data-image-title=\"11023389_793687834052978_134717290_o\" data-image-description=\"\" data-image-caption=\"&lt;p&gt;Fotos de autores desconhecidos j\u00e1 circulam pelas Redes Sociais&lt;\/p&gt;\n\" data-large-file=\"https:\/\/i0.wp.com\/www.lavras24horas.com.br\/portal\/wp-content\/uploads\/2015\/02\/11023389_793687834052978_134717290_o.jpg?fit=185%2C330&amp;ssl=1\" class=\"size-large wp-image-188121\" src=\"https:\/\/i0.wp.com\/www.lavras24horas.com.br\/portal\/wp-content\/uploads\/2015\/02\/11023389_793687834052978_134717290_o-185x330.jpg?resize=185%2C330\" alt=\"Fotos de autores desconhecidos j\u00e1 circulam pelas Redes Sociais\" width=\"185\" height=\"330\" srcset=\"https:\/\/i0.wp.com\/www.lavras24horas.com.br\/portal\/wp-content\/uploads\/2015\/02\/11023389_793687834052978_134717290_o.jpg?resize=185%2C330&amp;ssl=1 185w, https:\/\/i0.wp.com\/www.lavras24horas.com.br\/portal\/wp-content\/uploads\/2015\/02\/11023389_793687834052978_134717290_o.jpg?w=581&amp;ssl=1 581w\" sizes=\"(max-width: 185px) 100vw, 185px\" \/><\/a><figcaption id=\"caption-attachment-188121\" class=\"wp-caption-text\">Fotos de autores desconhecidos j\u00e1 circulam pelas Redes Sociais<\/figcaption><\/figure>\n<p>&nbsp;<\/p>\n<p>&nbsp;<\/p>\n<p>Por volta das 22h20 da noite deste s\u00e1bado (28), os moradores da Vila Alzira foram surpreendidos por disparos de arma de fogo.<\/p>\n<p>Segundo informa\u00e7\u00f5es da Pol\u00edcia Militar, a v\u00edtima de nome Rondinelly Rodrigues, de 35 anos, foi alvejado por 5\u00a0tiros na regi\u00e3o da nuca e da cabe\u00e7a, pr\u00f3ximo \u00e0 ponte &#8220;branca&#8221;. Segundo populares, Rondineli morava na Rua\u00a0\u00a0Nan\u00e1 de Padua e teria sido morto por outro morador que \u00e9 o principal suspeito do Crime. Os dois teriam envolvimento com o tr\u00e1fico de drogas na regi\u00e3o. A v\u00edtima estava de &#8220;Saidinha&#8221; do pres\u00eddio de Formiga, onde ele\u00a0cumpria pena por tr\u00e1fico de drogas.<\/p>\n<p>O Corpo de Bombeiros \u00a0e o SAMU foram acionados, mas a v\u00edtima j\u00e1 estava sem sinais vitais. O corpo foi encaminhado para o Instituo M\u00e9dico Legal (IML). A Per\u00edcia T\u00e9cnica esteve no local do crime.<\/p>\n<p>&nbsp;<\/p>\n<figure id=\"attachment_188120\" aria-describedby=\"caption-attachment-188120\" style=\"width: 440px\" class=\"wp-caption aligncenter\"><a href=\"https:\/\/i0.wp.com\/www.lavras24horas.com.br\/portal\/wp-content\/uploads\/2015\/02\/11045769_793687824052979_2055295961_o.jpg\"><img data-recalc-dims=\"1\" decoding=\"async\" data-attachment-id=\"188120\" data-permalink=\"https:\/\/www.lavras24horas.com.br\/portal\/4o-homicidio-do-ano-em-lavras-homem-e-morto-a-tiros-na-vila-alzira\/11045769_793687824052979_2055295961_o\/\" data-orig-file=\"https:\/\/i0.wp.com\/www.lavras24horas.com.br\/portal\/wp-content\/uploads\/2015\/02\/11045769_793687824052979_2055295961_o.jpg?fit=1280%2C959&amp;ssl=1\" data-orig-size=\"1280,959\" data-comments-opened=\"0\" data-image-meta=\"{&quot;aperture&quot;:&quot;0&quot;,&quot;credit&quot;:&quot;&quot;,&quot;camera&quot;:&quot;&quot;,&quot;caption&quot;:&quot;&quot;,&quot;created_timestamp&quot;:&quot;0&quot;,&quot;copyright&quot;:&quot;&quot;,&quot;focal_length&quot;:&quot;0&quot;,&quot;iso&quot;:&quot;0&quot;,&quot;shutter_speed&quot;:&quot;0&quot;,&quot;title&quot;:&quot;&quot;,&quot;orientation&quot;:&quot;0&quot;}\" data-image-title=\"11045769_793687824052979_2055295961_o\" data-image-description=\"\" data-image-caption=\"&lt;p&gt;Bombeiros foram acionados mas a v\u00edtima veio a \u00f3bito no local. Foto: Elcio Simas&lt;\/p&gt;\n\" data-large-file=\"https:\/\/i0.wp.com\/www.lavras24horas.com.br\/portal\/wp-content\/uploads\/2015\/02\/11045769_793687824052979_2055295961_o.jpg?fit=440%2C330&amp;ssl=1\" class=\"size-large wp-image-188120\" src=\"https:\/\/i0.wp.com\/www.lavras24horas.com.br\/portal\/wp-content\/uploads\/2015\/02\/11045769_793687824052979_2055295961_o-440x330.jpg?resize=440%2C330\" alt=\"Bombeiros foram acionados mas a v\u00edtima veio a \u00f3bito no local. Foto: Elcio Simas\" width=\"440\" height=\"330\" srcset=\"https:\/\/i0.wp.com\/www.lavras24horas.com.br\/portal\/wp-content\/uploads\/2015\/02\/11045769_793687824052979_2055295961_o.jpg?resize=440%2C330&amp;ssl=1 440w, https:\/\/i0.wp.com\/www.lavras24horas.com.br\/portal\/wp-content\/uploads\/2015\/02\/11045769_793687824052979_2055295961_o.jpg?w=1280&amp;ssl=1 1280w\" sizes=\"(max-width: 440px) 100vw, 440px\" \/><\/a><figcaption id=\"caption-attachment-188120\" class=\"wp-caption-text\">Bombeiros foram acionados mas a v\u00edtima veio a \u00f3bito no local. Foto: Elcio Simas<\/figcaption><\/figure>\n<p>&nbsp;<\/p>\n<p>A PM est\u00e1 realizando um intenso rastreamento pela cidade, para a localiza\u00e7\u00e3o do autor. Este foi o 4\u00ba Homic\u00eddio do ano em Lavras, e o \u00fanico de Fevereiro.<\/p>\n<p>&nbsp;<\/p>\n<p>&nbsp;<\/p>\n","protected":false},"excerpt":{"rendered":"<p>&nbsp; &nbsp; Por volta das 22h20 da noite deste s\u00e1bado (28), os moradores da Vila Alzira foram surpreendidos por disparos de arma de fogo. Segundo informa\u00e7\u00f5es da Pol\u00edcia Militar, a v\u00edtima de nome Rondinelly Rodrigues, de 35 anos, foi alvejado por 5\u00a0tiros na regi\u00e3o da nuca e da cabe\u00e7a, pr\u00f3ximo \u00e0 ponte &#8220;branca&#8221;. Segundo populares, [&hellip;]<\/p>\n","protected":false},"author":7,"featured_media":188120,"comment_status":"closed","ping_status":"closed","sticky":false,"template":"","format":"standard","meta":{"advanced_seo_description":"","jetpack_seo_html_title":"","jetpack_seo_noindex":false,"_jetpack_memberships_contains_paid_content":false,"footnotes":""},"categories":[13077,4],"tags":[15669,512,1317,1128,454,602,1127,169,1677,506,1125,1316],"class_list":["post-188119","post","type-post","status-publish","format-standard","has-post-thumbnail","hentry","category-laterais-2","category-lavras","tag-4o","tag-a","tag-alzira","tag-ano","tag-e","tag-homem","tag-homicidio","tag-lavras-2","tag-morto","tag-na","tag-tiros","tag-vila"],"jetpack_featured_media_url":"https:\/\/i0.wp.com\/www.lavras24horas.com.br\/portal\/wp-content\/uploads\/2015\/02\/11045769_793687824052979_2055295961_o.jpg?fit=1280%2C959&ssl=1","jetpack_sharing_enabled":true,"jetpack_likes_enabled":true,"_links":{"self":[{"href":"https:\/\/www.lavras24horas.com.br\/portal\/wp-json\/wp\/v2\/posts\/188119","targetHints":{"allow":["GET"]}}],"collection":[{"href":"https:\/\/www.lavras24horas.com.br\/portal\/wp-json\/wp\/v2\/posts"}],"about":[{"href":"https:\/\/www.lavras24horas.com.br\/portal\/wp-json\/wp\/v2\/types\/post"}],"author":[{"embeddable":true,"href":"https:\/\/www.lavras24horas.com.br\/portal\/wp-json\/wp\/v2\/users\/7"}],"replies":[{"embeddable":true,"href":"https:\/\/www.lavras24horas.com.br\/portal\/wp-json\/wp\/v2\/comments?post=188119"}],"version-history":[{"count":0,"href":"https:\/\/www.lavras24horas.com.br\/portal\/wp-json\/wp\/v2\/posts\/188119\/revisions"}],"wp:featuredmedia":[{"embeddable":true,"href":"https:\/\/www.lavras24horas.com.br\/portal\/wp-json\/wp\/v2\/media\/188120"}],"wp:attachment":[{"href":"https:\/\/www.lavras24horas.com.br\/portal\/wp-json\/wp\/v2\/media?parent=188119"}],"wp:term":[{"taxonomy":"category","embeddable":true,"href":"https:\/\/www.lavras24horas.com.br\/portal\/wp-json\/wp\/v2\/categories?post=188119"},{"taxonomy":"post_tag","embeddable":true,"href":"https:\/\/www.lavras24horas.com.br\/portal\/wp-json\/wp\/v2\/tags?post=188119"}],"curies":[{"name":"wp","href":"https:\/\/api.w.org\/{rel}","templated":true}]}}