{"id":187801,"date":"2015-02-18T06:21:26","date_gmt":"2015-02-18T09:21:26","guid":{"rendered":"http:\/\/www.lavras24horas.com.br\/portal\/?p=187801"},"modified":"2015-02-18T12:09:26","modified_gmt":"2015-02-18T15:09:26","slug":"policia-militar-registra-triplo-homicidio-em-perdoes","status":"publish","type":"post","link":"https:\/\/www.lavras24horas.com.br\/portal\/policia-militar-registra-triplo-homicidio-em-perdoes\/","title":{"rendered":"Pol\u00edcia Militar registra triplo homic\u00eddio em Perd\u00f5es"},"content":{"rendered":"<p><img data-recalc-dims=\"1\" fetchpriority=\"high\" decoding=\"async\" data-attachment-id=\"187802\" data-permalink=\"https:\/\/www.lavras24horas.com.br\/portal\/policia-militar-registra-triplo-homicidio-em-perdoes\/policia_giroflex\/\" data-orig-file=\"https:\/\/i0.wp.com\/www.lavras24horas.com.br\/portal\/wp-content\/uploads\/2015\/02\/POLICIA_GIROFLEX.jpg?fit=542%2C361&amp;ssl=1\" data-orig-size=\"542,361\" data-comments-opened=\"0\" data-image-meta=\"{&quot;aperture&quot;:&quot;0&quot;,&quot;credit&quot;:&quot;&quot;,&quot;camera&quot;:&quot;&quot;,&quot;caption&quot;:&quot;&quot;,&quot;created_timestamp&quot;:&quot;0&quot;,&quot;copyright&quot;:&quot;&quot;,&quot;focal_length&quot;:&quot;0&quot;,&quot;iso&quot;:&quot;0&quot;,&quot;shutter_speed&quot;:&quot;0&quot;,&quot;title&quot;:&quot;&quot;,&quot;orientation&quot;:&quot;0&quot;}\" data-image-title=\"POLICIA_GIROFLEX\" data-image-description=\"\" data-image-caption=\"\" data-large-file=\"https:\/\/i0.wp.com\/www.lavras24horas.com.br\/portal\/wp-content\/uploads\/2015\/02\/POLICIA_GIROFLEX.jpg?fit=495%2C330&amp;ssl=1\" class=\"aligncenter size-full wp-image-187802\" src=\"https:\/\/i0.wp.com\/www.lavras24horas.com.br\/portal\/wp-content\/uploads\/2015\/02\/POLICIA_GIROFLEX.jpg?resize=542%2C361\" alt=\"POLICIA_GIROFLEX\" width=\"542\" height=\"361\" srcset=\"https:\/\/i0.wp.com\/www.lavras24horas.com.br\/portal\/wp-content\/uploads\/2015\/02\/POLICIA_GIROFLEX.jpg?w=542&amp;ssl=1 542w, https:\/\/i0.wp.com\/www.lavras24horas.com.br\/portal\/wp-content\/uploads\/2015\/02\/POLICIA_GIROFLEX.jpg?resize=495%2C330&amp;ssl=1 495w\" sizes=\"(max-width: 542px) 100vw, 542px\" \/><\/p>\n<p>&nbsp;<\/p>\n<p>&nbsp;<\/p>\n<p style=\"text-align: justify;\">A Pol\u00edcia Militar registrou um triplo homic\u00eddio na cidade de Perd\u00f5es nesta quarta-feira (18).<\/p>\n<p style=\"text-align: justify;\">Um dos crimes aconteceu na rua S\u00e1 Fortes, no centro da cidade, quando uma guarni\u00e7\u00e3o da PM, que passava pelo local, ouviu estampidos semelhantes aos de disparos de arma de fogo.<\/p>\n<p style=\"text-align: justify;\">No local, os militares se depararam com os autores dos disparos, que deixaram de atirar nas v\u00edtimas ca\u00eddas ao solo, vindo a trocar tiros com os policiais militares. Os autores fugiram do local num ve\u00edculo WW Gol de cor clara em alta velocidade, indo para a Pra\u00e7a Doutor Zoroastro Alvarenga, em dire\u00e7\u00e3o \u00e0 sa\u00edda da cidade &#8211; rumo a Campo Belo\/MG.<\/p>\n<p style=\"text-align: justify;\">A v\u00edtimas, Tamiris Souza Santos, 20 anos, e Jander Junior dos Santos Alves, 18 anos, chegaram a ser socorridas por uma ambul\u00e2ncia, mas vieram a \u00f3bito.<\/p>\n<p style=\"text-align: justify;\">Segunda a Pol\u00edcia Militar, os autores do crime seriam em principio dois elementos n\u00e3o identificados, sendo um de estatura mediana e outro de estatura media\/alta, ambos magros, os quais usavam blusas de cor clara e capuzes com intuito de n\u00e3o serem identificados. Foi realizado rastreamento durante toda madrugada e ainda segue durante o dia, com intuito da identifica\u00e7\u00e3o e pris\u00e3o dos autores.<\/p>\n<p style=\"text-align: justify;\"><strong>Segundo<\/strong><\/p>\n<p>O segundo homic\u00eddio teve por v\u00edtima \u00c1lvaro Linandro Rodrigues dos Santos, o Nadinho, que teria sido morto a tiros por um grupo de suspeitos. Um deles, Marcelo Henrique Honorato Louren\u00e7o, conhecido por Marcelinho, foi preso pela Pol\u00edcia Militar.<\/p>\n<p style=\"text-align: justify;\">\n","protected":false},"excerpt":{"rendered":"<p>&nbsp; &nbsp; A Pol\u00edcia Militar registrou um triplo homic\u00eddio na cidade de Perd\u00f5es nesta quarta-feira (18). Um dos crimes aconteceu na rua S\u00e1 Fortes, no centro da cidade, quando uma guarni\u00e7\u00e3o da PM, que passava pelo local, ouviu estampidos semelhantes aos de disparos de arma de fogo. No local, os militares se depararam com os [&hellip;]<\/p>\n","protected":false},"author":7,"featured_media":187802,"comment_status":"closed","ping_status":"closed","sticky":false,"template":"","format":"standard","meta":{"advanced_seo_description":"","jetpack_seo_html_title":"","jetpack_seo_noindex":false,"_jetpack_memberships_contains_paid_content":false,"footnotes":""},"categories":[13077,4],"tags":[1127,649,268,180,738,3742],"class_list":["post-187801","post","type-post","status-publish","format-standard","has-post-thumbnail","hentry","category-laterais-2","category-lavras","tag-homicidio","tag-militar","tag-perdoes","tag-policia","tag-registra","tag-triplo"],"jetpack_featured_media_url":"https:\/\/i0.wp.com\/www.lavras24horas.com.br\/portal\/wp-content\/uploads\/2015\/02\/POLICIA_GIROFLEX.jpg?fit=542%2C361&ssl=1","jetpack_sharing_enabled":true,"jetpack_likes_enabled":true,"_links":{"self":[{"href":"https:\/\/www.lavras24horas.com.br\/portal\/wp-json\/wp\/v2\/posts\/187801","targetHints":{"allow":["GET"]}}],"collection":[{"href":"https:\/\/www.lavras24horas.com.br\/portal\/wp-json\/wp\/v2\/posts"}],"about":[{"href":"https:\/\/www.lavras24horas.com.br\/portal\/wp-json\/wp\/v2\/types\/post"}],"author":[{"embeddable":true,"href":"https:\/\/www.lavras24horas.com.br\/portal\/wp-json\/wp\/v2\/users\/7"}],"replies":[{"embeddable":true,"href":"https:\/\/www.lavras24horas.com.br\/portal\/wp-json\/wp\/v2\/comments?post=187801"}],"version-history":[{"count":0,"href":"https:\/\/www.lavras24horas.com.br\/portal\/wp-json\/wp\/v2\/posts\/187801\/revisions"}],"wp:featuredmedia":[{"embeddable":true,"href":"https:\/\/www.lavras24horas.com.br\/portal\/wp-json\/wp\/v2\/media\/187802"}],"wp:attachment":[{"href":"https:\/\/www.lavras24horas.com.br\/portal\/wp-json\/wp\/v2\/media?parent=187801"}],"wp:term":[{"taxonomy":"category","embeddable":true,"href":"https:\/\/www.lavras24horas.com.br\/portal\/wp-json\/wp\/v2\/categories?post=187801"},{"taxonomy":"post_tag","embeddable":true,"href":"https:\/\/www.lavras24horas.com.br\/portal\/wp-json\/wp\/v2\/tags?post=187801"}],"curies":[{"name":"wp","href":"https:\/\/api.w.org\/{rel}","templated":true}]}}