{"id":186995,"date":"2015-02-01T07:05:46","date_gmt":"2015-02-01T10:05:46","guid":{"rendered":"http:\/\/www.lavras24horas.com.br\/portal\/?p=186995"},"modified":"2015-02-01T10:59:03","modified_gmt":"2015-02-01T13:59:03","slug":"unico-preso-pelo-homicidio-que-ocorreu-na-ultima-quarta-feira-se-mata-em-presidio-de-lavras","status":"publish","type":"post","link":"https:\/\/www.lavras24horas.com.br\/portal\/unico-preso-pelo-homicidio-que-ocorreu-na-ultima-quarta-feira-se-mata-em-presidio-de-lavras\/","title":{"rendered":"\u00danico preso pelo homic\u00eddio que ocorreu na \u00faltima quarta-feira  se mata em Pres\u00eddio de Lavras"},"content":{"rendered":"<figure id=\"attachment_186999\" aria-describedby=\"caption-attachment-186999\" style=\"width: 297px\" class=\"wp-caption aligncenter\"><a href=\"https:\/\/i0.wp.com\/www.lavras24horas.com.br\/portal\/wp-content\/uploads\/2015\/02\/guilherme.jpg\"><img data-recalc-dims=\"1\" fetchpriority=\"high\" decoding=\"async\" data-attachment-id=\"186999\" data-permalink=\"https:\/\/www.lavras24horas.com.br\/portal\/unico-preso-pelo-homicidio-que-ocorreu-na-ultima-quarta-feira-se-mata-em-presidio-de-lavras\/guilherme-3\/\" data-orig-file=\"https:\/\/i0.wp.com\/www.lavras24horas.com.br\/portal\/wp-content\/uploads\/2015\/02\/guilherme.jpg?fit=616%2C684&amp;ssl=1\" data-orig-size=\"616,684\" data-comments-opened=\"0\" data-image-meta=\"{&quot;aperture&quot;:&quot;0&quot;,&quot;credit&quot;:&quot;&quot;,&quot;camera&quot;:&quot;&quot;,&quot;caption&quot;:&quot;&quot;,&quot;created_timestamp&quot;:&quot;0&quot;,&quot;copyright&quot;:&quot;&quot;,&quot;focal_length&quot;:&quot;0&quot;,&quot;iso&quot;:&quot;0&quot;,&quot;shutter_speed&quot;:&quot;0&quot;,&quot;title&quot;:&quot;&quot;,&quot;orientation&quot;:&quot;0&quot;}\" data-image-title=\"guilherme\" data-image-description=\"\" data-image-caption=\"&lt;p&gt;Guilherme Augusto Dias Diniz participou do assassinato  de Paulo S\u00e9rgio Hon\u00f3rio de 46 anos ocorrido&lt;\/p&gt;\n\" data-large-file=\"https:\/\/i0.wp.com\/www.lavras24horas.com.br\/portal\/wp-content\/uploads\/2015\/02\/guilherme.jpg?fit=297%2C330&amp;ssl=1\" src=\"https:\/\/i0.wp.com\/www.lavras24horas.com.br\/portal\/wp-content\/uploads\/2015\/02\/guilherme-297x330.jpg?resize=297%2C330\" alt=\"Guilherme Augusto Dias Diniz participou do assassinato  de Paulo S\u00e9rgio Hon\u00f3rio de 46 anos ocorrido\" width=\"297\" height=\"330\" class=\"size-large wp-image-186999\" srcset=\"https:\/\/i0.wp.com\/www.lavras24horas.com.br\/portal\/wp-content\/uploads\/2015\/02\/guilherme.jpg?resize=297%2C330&amp;ssl=1 297w, https:\/\/i0.wp.com\/www.lavras24horas.com.br\/portal\/wp-content\/uploads\/2015\/02\/guilherme.jpg?w=616&amp;ssl=1 616w\" sizes=\"(max-width: 297px) 100vw, 297px\" \/><\/a><figcaption id=\"caption-attachment-186999\" class=\"wp-caption-text\">Guilherme Augusto Dias Diniz participou do assassinato  de Paulo S\u00e9rgio Hon\u00f3rio de 46 anos<\/figcaption><\/figure>\n<p>Na \u00faltima quarta-feira (28), pela manh\u00e3 tr\u00eas homens armados invadiram a casa de Paulo S\u00e9rgio Hon\u00f3rio de 46 anos, conhecido como &#8220;Grilo&#8221;, rua Gil de Souza Andrade, Bairro Bela Vista, em Lavras. Eles renderam a companheira de Grilo e a enteada dele e o executaram com 10 tiros no banheiro da resid\u00eancia.<\/p>\n<p>De imediato a Pol\u00edcia Militar foi acionada e come\u00e7ou uma intensa persegui\u00e7\u00e3o pelas ruas de Lavras. Os criminosos estavam em uma caminhonete que havia sido roubada em Divin\u00f3polis e acabaram batendo em um caminh\u00e3o que estava estacionado entre os bairros S\u00e3o Vicente e Serra Azul.<\/p>\n<p>Os tr\u00eas ocupantes do ve\u00edculo ent\u00e3o come\u00e7aram a fugir, um deles armado tomou de assalto uma motocicleta, outro entrou em uma mata fechada que fica nos fundos do bairro Serra Azul e, o terceiro Guilherme Augusto Dias Diniz, foi preso pela PM.<\/p>\n<p>Guilherme de 22 anos, era natural de Divin\u00f3polis e atrav\u00e9s do reconhecimento dele tanto por parte das testemunhas do homic\u00eddio, quanto pelas v\u00edtimas do roubo ao ve\u00edculo, a Pol\u00edcia Militar conseguiu identificar os outros dois criminosos que fugiram.<\/p>\n<p>Durante o temporal que atingiu Lavras na noite de ontem (31), Guilherme se matou dentro do Pres\u00eddio Estadual de Lavras. De acordo com a Pol\u00edcia Militar, o fato ocorreu por volta das 20h50. Os agentes haviam feito rondas enfrente a cela aonde Guilherme se encontrava sozinho antes da chuva forte e, depois que a chuva diminuiu voltaram ao local e encontraram o preso amarrado pelo pesco\u00e7o na grade, ele teria utilizado uma cal\u00e7a comprida do uniforme para se matar. A per\u00edcia t\u00e9cnica da Pol\u00edcia Civil esteve no local e liberou o corpo para o Instituto M\u00e9dico Legal de Lavras.<\/p>\n","protected":false},"excerpt":{"rendered":"<p>Na \u00faltima quarta-feira (28), pela manh\u00e3 tr\u00eas homens armados invadiram a casa de Paulo S\u00e9rgio Hon\u00f3rio de 46 anos, conhecido como &#8220;Grilo&#8221;, rua Gil de Souza Andrade, Bairro Bela Vista, em Lavras. Eles renderam a companheira de Grilo e a enteada dele e o executaram com 10 tiros no banheiro da resid\u00eancia. De imediato a [&hellip;]<\/p>\n","protected":false},"author":7,"featured_media":0,"comment_status":"closed","ping_status":"closed","sticky":false,"template":"","format":"standard","meta":{"advanced_seo_description":"","jetpack_seo_html_title":"","jetpack_seo_noindex":false,"_jetpack_memberships_contains_paid_content":false,"footnotes":""},"categories":[4],"tags":[1127,169,1855,506,6070,760,309,1778,1200,520,1154,3974,9323],"class_list":["post-186995","post","type-post","status-publish","format-standard","hentry","category-lavras","tag-homicidio","tag-lavras-2","tag-mata","tag-na","tag-ocorreu","tag-pelo","tag-presidio","tag-preso","tag-quartafeira","tag-que","tag-se","tag-ultima","tag-unico"],"jetpack_featured_media_url":"","jetpack_sharing_enabled":true,"jetpack_likes_enabled":true,"_links":{"self":[{"href":"https:\/\/www.lavras24horas.com.br\/portal\/wp-json\/wp\/v2\/posts\/186995","targetHints":{"allow":["GET"]}}],"collection":[{"href":"https:\/\/www.lavras24horas.com.br\/portal\/wp-json\/wp\/v2\/posts"}],"about":[{"href":"https:\/\/www.lavras24horas.com.br\/portal\/wp-json\/wp\/v2\/types\/post"}],"author":[{"embeddable":true,"href":"https:\/\/www.lavras24horas.com.br\/portal\/wp-json\/wp\/v2\/users\/7"}],"replies":[{"embeddable":true,"href":"https:\/\/www.lavras24horas.com.br\/portal\/wp-json\/wp\/v2\/comments?post=186995"}],"version-history":[{"count":0,"href":"https:\/\/www.lavras24horas.com.br\/portal\/wp-json\/wp\/v2\/posts\/186995\/revisions"}],"wp:attachment":[{"href":"https:\/\/www.lavras24horas.com.br\/portal\/wp-json\/wp\/v2\/media?parent=186995"}],"wp:term":[{"taxonomy":"category","embeddable":true,"href":"https:\/\/www.lavras24horas.com.br\/portal\/wp-json\/wp\/v2\/categories?post=186995"},{"taxonomy":"post_tag","embeddable":true,"href":"https:\/\/www.lavras24horas.com.br\/portal\/wp-json\/wp\/v2\/tags?post=186995"}],"curies":[{"name":"wp","href":"https:\/\/api.w.org\/{rel}","templated":true}]}}