{"id":186909,"date":"2015-01-29T07:48:16","date_gmt":"2015-01-29T10:48:16","guid":{"rendered":"http:\/\/www.lavras24horas.com.br\/portal\/?p=186909"},"modified":"2015-01-29T07:48:16","modified_gmt":"2015-01-29T10:48:16","slug":"motorista-em-caminhao-roubado-e-preso-em-santo-antonio-do-amparo","status":"publish","type":"post","link":"https:\/\/www.lavras24horas.com.br\/portal\/motorista-em-caminhao-roubado-e-preso-em-santo-antonio-do-amparo\/","title":{"rendered":"Motorista em caminh\u00e3o roubado \u00e9 preso em Santo Antonio do Amparo \u00a0"},"content":{"rendered":"<p><img data-recalc-dims=\"1\" fetchpriority=\"high\" decoding=\"async\" data-attachment-id=\"186910\" data-permalink=\"https:\/\/www.lavras24horas.com.br\/portal\/motorista-em-caminhao-roubado-e-preso-em-santo-antonio-do-amparo\/transporte-rodoviario-transito-nas-estradas-mineiras\/\" data-orig-file=\"https:\/\/i0.wp.com\/www.lavras24horas.com.br\/portal\/wp-content\/uploads\/2015\/01\/20130120072455109888a.jpg?fit=620%2C318&amp;ssl=1\" data-orig-size=\"620,318\" data-comments-opened=\"0\" data-image-meta=\"{&quot;aperture&quot;:&quot;0&quot;,&quot;credit&quot;:&quot;Marcos Michelin\/EM&quot;,&quot;camera&quot;:&quot;&quot;,&quot;caption&quot;:&quot;17\/01\/2013. Credito: Marcos Michelin\/EM\/D.A Press. Brasil. Campos Alto - MG. Transito nas estradas Mineiras.  Posto da Policia Rodoviaria Federal fechado na rodovia BR-262.&quot;,&quot;created_timestamp&quot;:&quot;1358461653&quot;,&quot;copyright&quot;:&quot;&quot;,&quot;focal_length&quot;:&quot;0&quot;,&quot;iso&quot;:&quot;0&quot;,&quot;shutter_speed&quot;:&quot;0&quot;,&quot;title&quot;:&quot;Transporte Rodoviario \/ Transito nas estradas mineiras&quot;,&quot;orientation&quot;:&quot;0&quot;}\" data-image-title=\"Transporte Rodoviario \/ Transito nas estradas mineiras\" data-image-description=\"&lt;p&gt;17\/01\/2013. Credito: Marcos Michelin\/EM\/D.A Press. Brasil. Campos Alto &amp;#8211; MG. Transito nas estradas Mineiras.  Posto da Policia Rodoviaria Federal fechado na rodovia BR-262.&lt;\/p&gt;\n\" data-image-caption=\"\" data-large-file=\"https:\/\/i0.wp.com\/www.lavras24horas.com.br\/portal\/wp-content\/uploads\/2015\/01\/20130120072455109888a.jpg?fit=620%2C318&amp;ssl=1\" class=\"aligncenter size-full wp-image-186910\" src=\"https:\/\/i0.wp.com\/www.lavras24horas.com.br\/portal\/wp-content\/uploads\/2015\/01\/20130120072455109888a.jpg?resize=620%2C318\" alt=\"Transporte Rodoviario \/ Transito nas estradas mineiras\" width=\"620\" height=\"318\" \/><\/p>\n<p style=\"text-align: justify;\">Um homem foi preso na noite desta quarta-feira (28) pelo Grupamento Policial T\u00e1tico (GPT) da Pol\u00edcia Rodovi\u00e1ria Federal no km 454, da rodovia Fern\u00e3o Dias, em Santo Antonio do Amaro.<\/p>\n<p style=\"text-align: justify;\">De acordo com a PRF, o homem dirigia um caminh\u00e3o com placas de S\u00e3o Paulo e foi abordado pelos policiais que constaram que o veiculo apresentava sinais de adultera\u00e7\u00e3o nas placas de identifica\u00e7\u00e3o. Ele havia sido furtado em S\u00e3o Paulo.<\/p>\n<p style=\"text-align: justify;\">O motorista disse que recebeu R$ 1.200 para levar o caminh\u00e3o at\u00e9 Betim. Ele foi preso e encaminhado para a Delegacia de Policia Civil de Santo Antonio do Amparo.<\/p>\n","protected":false},"excerpt":{"rendered":"<p>Um homem foi preso na noite desta quarta-feira (28) pelo Grupamento Policial T\u00e1tico (GPT) da Pol\u00edcia Rodovi\u00e1ria Federal no km 454, da rodovia Fern\u00e3o Dias, em Santo Antonio do Amaro. De acordo com a PRF, o homem dirigia um caminh\u00e3o com placas de S\u00e3o Paulo e foi abordado pelos policiais que constaram que o veiculo [&hellip;]<\/p>\n","protected":false},"author":7,"featured_media":186910,"comment_status":"closed","ping_status":"closed","sticky":false,"template":"","format":"standard","meta":{"advanced_seo_description":"","jetpack_seo_html_title":"","jetpack_seo_noindex":false,"_jetpack_memberships_contains_paid_content":false,"footnotes":""},"categories":[14,4],"tags":[1100,1099,2205,454,1707,1778,3541,1098],"class_list":["post-186909","post","type-post","status-publish","format-standard","has-post-thumbnail","hentry","category-destaques-2","category-lavras","tag-amparo","tag-antonio","tag-caminhao","tag-e","tag-motorista","tag-preso","tag-roubado","tag-santo"],"jetpack_featured_media_url":"https:\/\/i0.wp.com\/www.lavras24horas.com.br\/portal\/wp-content\/uploads\/2015\/01\/20130120072455109888a.jpg?fit=620%2C318&ssl=1","jetpack_sharing_enabled":true,"jetpack_likes_enabled":true,"_links":{"self":[{"href":"https:\/\/www.lavras24horas.com.br\/portal\/wp-json\/wp\/v2\/posts\/186909","targetHints":{"allow":["GET"]}}],"collection":[{"href":"https:\/\/www.lavras24horas.com.br\/portal\/wp-json\/wp\/v2\/posts"}],"about":[{"href":"https:\/\/www.lavras24horas.com.br\/portal\/wp-json\/wp\/v2\/types\/post"}],"author":[{"embeddable":true,"href":"https:\/\/www.lavras24horas.com.br\/portal\/wp-json\/wp\/v2\/users\/7"}],"replies":[{"embeddable":true,"href":"https:\/\/www.lavras24horas.com.br\/portal\/wp-json\/wp\/v2\/comments?post=186909"}],"version-history":[{"count":0,"href":"https:\/\/www.lavras24horas.com.br\/portal\/wp-json\/wp\/v2\/posts\/186909\/revisions"}],"wp:featuredmedia":[{"embeddable":true,"href":"https:\/\/www.lavras24horas.com.br\/portal\/wp-json\/wp\/v2\/media\/186910"}],"wp:attachment":[{"href":"https:\/\/www.lavras24horas.com.br\/portal\/wp-json\/wp\/v2\/media?parent=186909"}],"wp:term":[{"taxonomy":"category","embeddable":true,"href":"https:\/\/www.lavras24horas.com.br\/portal\/wp-json\/wp\/v2\/categories?post=186909"},{"taxonomy":"post_tag","embeddable":true,"href":"https:\/\/www.lavras24horas.com.br\/portal\/wp-json\/wp\/v2\/tags?post=186909"}],"curies":[{"name":"wp","href":"https:\/\/api.w.org\/{rel}","templated":true}]}}