{"id":186884,"date":"2015-01-28T14:23:25","date_gmt":"2015-01-28T17:23:25","guid":{"rendered":"http:\/\/www.lavras24horas.com.br\/portal\/?p=186884"},"modified":"2015-01-28T14:23:56","modified_gmt":"2015-01-28T17:23:56","slug":"mais-informacoes-sobre-o-2o-homicidio-do-ano-em-lavras","status":"publish","type":"post","link":"https:\/\/www.lavras24horas.com.br\/portal\/mais-informacoes-sobre-o-2o-homicidio-do-ano-em-lavras\/","title":{"rendered":"Mais informa\u00e7\u00f5es  sobre o 2\u00ba homic\u00eddio do ano em Lavras"},"content":{"rendered":"<figure id=\"attachment_186886\" aria-describedby=\"caption-attachment-186886\" style=\"width: 281px\" class=\"wp-caption aligncenter\"><a href=\"https:\/\/i0.wp.com\/www.lavras24horas.com.br\/portal\/wp-content\/uploads\/2015\/01\/paulo-honorio.jpg\"><img data-recalc-dims=\"1\" fetchpriority=\"high\" decoding=\"async\" data-attachment-id=\"186886\" data-permalink=\"https:\/\/www.lavras24horas.com.br\/portal\/mais-informacoes-sobre-o-2o-homicidio-do-ano-em-lavras\/paulo-honorio\/\" data-orig-file=\"https:\/\/i0.wp.com\/www.lavras24horas.com.br\/portal\/wp-content\/uploads\/2015\/01\/paulo-honorio.jpg?fit=458%2C537&amp;ssl=1\" data-orig-size=\"458,537\" data-comments-opened=\"0\" data-image-meta=\"{&quot;aperture&quot;:&quot;0&quot;,&quot;credit&quot;:&quot;&quot;,&quot;camera&quot;:&quot;&quot;,&quot;caption&quot;:&quot;&quot;,&quot;created_timestamp&quot;:&quot;0&quot;,&quot;copyright&quot;:&quot;&quot;,&quot;focal_length&quot;:&quot;0&quot;,&quot;iso&quot;:&quot;0&quot;,&quot;shutter_speed&quot;:&quot;0&quot;,&quot;title&quot;:&quot;&quot;,&quot;orientation&quot;:&quot;0&quot;}\" data-image-title=\"paulo honorio\" data-image-description=\"\" data-image-caption=\"&lt;p&gt;Paulo S\u00e9rgio Hon\u00f3rio de 46 anos, conhecido como &amp;#8220;Grilo&amp;#8221; foi morto com 10 tiros&lt;\/p&gt;\n\" data-large-file=\"https:\/\/i0.wp.com\/www.lavras24horas.com.br\/portal\/wp-content\/uploads\/2015\/01\/paulo-honorio.jpg?fit=281%2C330&amp;ssl=1\" src=\"https:\/\/i0.wp.com\/www.lavras24horas.com.br\/portal\/wp-content\/uploads\/2015\/01\/paulo-honorio-281x330.jpg?resize=281%2C330\" alt=\"Paulo S\u00e9rgio Hon\u00f3rio de 46 anos, conhecido como &quot;Grilo&quot; foi morto com 10 tiros\" width=\"281\" height=\"330\" class=\"size-large wp-image-186886\" srcset=\"https:\/\/i0.wp.com\/www.lavras24horas.com.br\/portal\/wp-content\/uploads\/2015\/01\/paulo-honorio.jpg?resize=281%2C330&amp;ssl=1 281w, https:\/\/i0.wp.com\/www.lavras24horas.com.br\/portal\/wp-content\/uploads\/2015\/01\/paulo-honorio.jpg?w=458&amp;ssl=1 458w\" sizes=\"(max-width: 281px) 100vw, 281px\" \/><\/a><figcaption id=\"caption-attachment-186886\" class=\"wp-caption-text\">Paulo S\u00e9rgio Hon\u00f3rio de 46 anos, conhecido como &#8220;Grilo&#8221; foi morto com 10 tiros<\/figcaption><\/figure>\n<p>Na manh\u00e3 desta quinta-feira (28), foi registrado o 2\u00ba homic\u00eddio de 2015, na cidade de Lavras.<\/p>\n<p>Segundo a Pol\u00edcia Militar,  atrav\u00e9s de den\u00fancias via 190, os militares foram comunicados de que havia um ve\u00edculo suspeito estacionado na rua Gil de Souza Andrade, Bairro Bela Vista, em Lavras.  Os militares foram at\u00e9 o local para  apurar, e ap\u00f3s consulta ao sistema informatizado , foi constatado que o ve\u00edculo era produto de um roubo que havia ocorrido na cidade de Divin\u00f3polis. O carro com placas PUX-0097, de Divin\u00f3polis, foi tomado de assalto ontem (27),  \u00e0 noite naquela cidade, segundo a PM, um dos criminosos invadiu a casa de uma fam\u00edlia e roubou o ve\u00edculo.<\/p>\n<p>Chegando pr\u00f3ximo ao local, os militares viram o carro arrancar em alta velocidade e receberam a informa\u00e7\u00e3o de que tiros haviam sido disparados em uma resid\u00eancia pr\u00f3xima. Ao verificar im\u00f3vel, foi constatado que a v\u00edtima Paulo S\u00e9rgio Hon\u00f3rio de 46 anos, conhecido como &#8220;Grilo&#8221; estava no banheiro da resid\u00eancia, ele foi morto com 10 tiros. Os bandidos esperaram que a companheira de Grilo, de 35 anos, abrisse o port\u00e3o do im\u00f3vel e, nesse momento a renderam e foram atr\u00e1s da v\u00edtima. Uma crian\u00e7a de 11 anos que \u00e9 filha da mulher, tamb\u00e9m estava na casa no momento do crime. Devido ao estado de choque em que se encontravam, m\u00e3e e filha foram atendidas pelo Corpo de Bombeiros e encaminhadas para a Unidade Regional de Pronto Atendimento de Lavras (URPA).<\/p>\n<p>A PM come\u00e7ou ent\u00e3o a  rastrear os ocupantes do ve\u00edculo, que fugiram pela Rua Agripino Augusto de Andrade, sentido \u00e0 rodovia, ocasi\u00e3o em que tomaram a contram\u00e3o de dire\u00e7\u00e3o, e na tentativa de furar o cerco, bateram em um trator e, em um caminh\u00e3o. Devido ao estrago do ve\u00edculo, os tr\u00eas criminosos fugiram a p\u00e9, um deles foi preso pela Pol\u00edcia, ele estava com uma arma de fogo. Outro bandido entrou em uma mata fechada que fica entre a Vila Murad e o bairro Serra Azul. E o terceiro assaltou um motociclista nas proximidades e levou sua moto. <\/p>\n<p>Os militares realizaram um intenso rastreamento no local at\u00e9 o come\u00e7o da tarde, mas o bandido n\u00e3o foi localizado. O cerco continua com o apoio de c\u00e3es adestrados da PM, viaturas da Pol\u00edcia Militar e da PM Rodovi\u00e1ria e do drone que est\u00e1 sobrevoando a cidade.<\/p>\n<figure id=\"attachment_186885\" aria-describedby=\"caption-attachment-186885\" style=\"width: 219px\" class=\"wp-caption aligncenter\"><a href=\"https:\/\/i0.wp.com\/www.lavras24horas.com.br\/portal\/wp-content\/uploads\/2015\/01\/10462471_617695071709524_2825032499681050536_n.jpg\"><img data-recalc-dims=\"1\" decoding=\"async\" data-attachment-id=\"186885\" data-permalink=\"https:\/\/www.lavras24horas.com.br\/portal\/mais-informacoes-sobre-o-2o-homicidio-do-ano-em-lavras\/10462471_617695071709524_2825032499681050536_n\/\" data-orig-file=\"https:\/\/i0.wp.com\/www.lavras24horas.com.br\/portal\/wp-content\/uploads\/2015\/01\/10462471_617695071709524_2825032499681050536_n.jpg?fit=639%2C960&amp;ssl=1\" data-orig-size=\"639,960\" data-comments-opened=\"0\" data-image-meta=\"{&quot;aperture&quot;:&quot;0&quot;,&quot;credit&quot;:&quot;&quot;,&quot;camera&quot;:&quot;&quot;,&quot;caption&quot;:&quot;&quot;,&quot;created_timestamp&quot;:&quot;0&quot;,&quot;copyright&quot;:&quot;&quot;,&quot;focal_length&quot;:&quot;0&quot;,&quot;iso&quot;:&quot;0&quot;,&quot;shutter_speed&quot;:&quot;0&quot;,&quot;title&quot;:&quot;&quot;,&quot;orientation&quot;:&quot;0&quot;}\" data-image-title=\"10462471_617695071709524_2825032499681050536_n\" data-image-description=\"\" data-image-caption=\"&lt;p&gt;Um dos suspeitos de ter participado do homic\u00eddio j\u00e1 foi preso pela PM. Foto: divulga\u00e7\u00e3o PM&lt;\/p&gt;\n\" data-large-file=\"https:\/\/i0.wp.com\/www.lavras24horas.com.br\/portal\/wp-content\/uploads\/2015\/01\/10462471_617695071709524_2825032499681050536_n.jpg?fit=219%2C330&amp;ssl=1\" src=\"https:\/\/i0.wp.com\/www.lavras24horas.com.br\/portal\/wp-content\/uploads\/2015\/01\/10462471_617695071709524_2825032499681050536_n-219x330.jpg?resize=219%2C330\" alt=\"Um dos suspeitos de ter participado do homic\u00eddio j\u00e1 foi preso pela PM. Foto: divulga\u00e7\u00e3o PM\" width=\"219\" height=\"330\" class=\"size-large wp-image-186885\" srcset=\"https:\/\/i0.wp.com\/www.lavras24horas.com.br\/portal\/wp-content\/uploads\/2015\/01\/10462471_617695071709524_2825032499681050536_n.jpg?resize=219%2C330&amp;ssl=1 219w, https:\/\/i0.wp.com\/www.lavras24horas.com.br\/portal\/wp-content\/uploads\/2015\/01\/10462471_617695071709524_2825032499681050536_n.jpg?w=639&amp;ssl=1 639w\" sizes=\"(max-width: 219px) 100vw, 219px\" \/><\/a><figcaption id=\"caption-attachment-186885\" class=\"wp-caption-text\">Um dos suspeitos de ter participado do homic\u00eddio j\u00e1 foi preso pela PM. Foto: divulga\u00e7\u00e3o PM<\/figcaption><\/figure>\n<p>Segundo a Pol\u00edcia, o indiv\u00edduo que fugiu na moto era de estatura mediana, forte, usava um cavanhaque e possui cabelo preto, ele possivelmente est\u00e1 armado. O outro que fugiu pela mata \u00e9 magro, alto, com rosto fino e sobrancelhas grossas, trajava na ocasi\u00e3o  bon\u00e9 e camiseta amarela, \u00e9 prov\u00e1vel que este criminoso esteja com as roupas sujas de barro.<\/p>\n<figure id=\"attachment_186887\" aria-describedby=\"caption-attachment-186887\" style=\"width: 247px\" class=\"wp-caption aligncenter\"><a href=\"https:\/\/i0.wp.com\/www.lavras24horas.com.br\/portal\/wp-content\/uploads\/2015\/01\/10350510_617695038376194_2217033209063670128_n.jpg\"><img data-recalc-dims=\"1\" decoding=\"async\" data-attachment-id=\"186887\" data-permalink=\"https:\/\/www.lavras24horas.com.br\/portal\/mais-informacoes-sobre-o-2o-homicidio-do-ano-em-lavras\/10350510_617695038376194_2217033209063670128_n\/\" data-orig-file=\"https:\/\/i0.wp.com\/www.lavras24horas.com.br\/portal\/wp-content\/uploads\/2015\/01\/10350510_617695038376194_2217033209063670128_n.jpg?fit=720%2C960&amp;ssl=1\" data-orig-size=\"720,960\" data-comments-opened=\"0\" data-image-meta=\"{&quot;aperture&quot;:&quot;0&quot;,&quot;credit&quot;:&quot;&quot;,&quot;camera&quot;:&quot;&quot;,&quot;caption&quot;:&quot;&quot;,&quot;created_timestamp&quot;:&quot;0&quot;,&quot;copyright&quot;:&quot;&quot;,&quot;focal_length&quot;:&quot;0&quot;,&quot;iso&quot;:&quot;0&quot;,&quot;shutter_speed&quot;:&quot;0&quot;,&quot;title&quot;:&quot;&quot;,&quot;orientation&quot;:&quot;0&quot;}\" data-image-title=\"10350510_617695038376194_2217033209063670128_n\" data-image-description=\"\" data-image-caption=\"&lt;p&gt;Drogas foram encontradas pela pol\u00edcia na resid\u00eancia da v\u00edtima&lt;\/p&gt;\n\" data-large-file=\"https:\/\/i0.wp.com\/www.lavras24horas.com.br\/portal\/wp-content\/uploads\/2015\/01\/10350510_617695038376194_2217033209063670128_n.jpg?fit=247%2C330&amp;ssl=1\" src=\"https:\/\/i0.wp.com\/www.lavras24horas.com.br\/portal\/wp-content\/uploads\/2015\/01\/10350510_617695038376194_2217033209063670128_n-247x330.jpg?resize=247%2C330\" alt=\"Drogas foram encontradas pela pol\u00edcia na resid\u00eancia da v\u00edtima\" width=\"247\" height=\"330\" class=\"size-large wp-image-186887\" srcset=\"https:\/\/i0.wp.com\/www.lavras24horas.com.br\/portal\/wp-content\/uploads\/2015\/01\/10350510_617695038376194_2217033209063670128_n.jpg?resize=247%2C330&amp;ssl=1 247w, https:\/\/i0.wp.com\/www.lavras24horas.com.br\/portal\/wp-content\/uploads\/2015\/01\/10350510_617695038376194_2217033209063670128_n.jpg?w=720&amp;ssl=1 720w\" sizes=\"(max-width: 247px) 100vw, 247px\" \/><\/a><figcaption id=\"caption-attachment-186887\" class=\"wp-caption-text\">Drogas foram encontradas pela pol\u00edcia na resid\u00eancia da v\u00edtima<\/figcaption><\/figure>\n<p>Na casa onde ocorreu o crime, os militares encontraram  no quintal 6 peda\u00e7os compactados de pasta base para coca\u00edna, pesando ao todo cerca de meio quilo da droga, R$12.189,00  em dinheiro,  um cartucho intacto com 28 muni\u00e7\u00f5es calibre 380, uma muni\u00e7\u00e3o calibre 38, celulares, tablet, sacos pl\u00e1sticos usados para embalar a droga e  folhas de cheque com valores diversos.<\/p>\n<figure id=\"attachment_186892\" aria-describedby=\"caption-attachment-186892\" style=\"width: 550px\" class=\"wp-caption aligncenter\"><a href=\"https:\/\/i0.wp.com\/www.lavras24horas.com.br\/portal\/wp-content\/uploads\/2015\/01\/10944692_774294782658950_64869369_o.jpg\"><img data-recalc-dims=\"1\" loading=\"lazy\" decoding=\"async\" data-attachment-id=\"186892\" data-permalink=\"https:\/\/www.lavras24horas.com.br\/portal\/mais-informacoes-sobre-o-2o-homicidio-do-ano-em-lavras\/10944692_774294782658950_64869369_o\/\" data-orig-file=\"https:\/\/i0.wp.com\/www.lavras24horas.com.br\/portal\/wp-content\/uploads\/2015\/01\/10944692_774294782658950_64869369_o.jpg?fit=1280%2C768&amp;ssl=1\" data-orig-size=\"1280,768\" data-comments-opened=\"0\" data-image-meta=\"{&quot;aperture&quot;:&quot;0&quot;,&quot;credit&quot;:&quot;&quot;,&quot;camera&quot;:&quot;&quot;,&quot;caption&quot;:&quot;&quot;,&quot;created_timestamp&quot;:&quot;0&quot;,&quot;copyright&quot;:&quot;&quot;,&quot;focal_length&quot;:&quot;0&quot;,&quot;iso&quot;:&quot;0&quot;,&quot;shutter_speed&quot;:&quot;0&quot;,&quot;title&quot;:&quot;&quot;,&quot;orientation&quot;:&quot;0&quot;}\" data-image-title=\"10944692_774294782658950_64869369_o\" data-image-description=\"\" data-image-caption=\"&lt;p&gt;Material apreendido pela PM na casa da v\u00edtima &lt;\/p&gt;\n\" data-large-file=\"https:\/\/i0.wp.com\/www.lavras24horas.com.br\/portal\/wp-content\/uploads\/2015\/01\/10944692_774294782658950_64869369_o.jpg?fit=550%2C330&amp;ssl=1\" src=\"https:\/\/i0.wp.com\/www.lavras24horas.com.br\/portal\/wp-content\/uploads\/2015\/01\/10944692_774294782658950_64869369_o-550x330.jpg?resize=550%2C330\" alt=\"Material apreendido pela PM na casa da v\u00edtima \" width=\"550\" height=\"330\" class=\"size-large wp-image-186892\" srcset=\"https:\/\/i0.wp.com\/www.lavras24horas.com.br\/portal\/wp-content\/uploads\/2015\/01\/10944692_774294782658950_64869369_o.jpg?resize=550%2C330&amp;ssl=1 550w, https:\/\/i0.wp.com\/www.lavras24horas.com.br\/portal\/wp-content\/uploads\/2015\/01\/10944692_774294782658950_64869369_o.jpg?w=1280&amp;ssl=1 1280w\" sizes=\"(max-width: 550px) 100vw, 550px\" \/><\/a><figcaption id=\"caption-attachment-186892\" class=\"wp-caption-text\">Material apreendido pela PM na casa da v\u00edtima<\/figcaption><\/figure>\n<p>O caso ser\u00e1 investigado pela Pol\u00edcia Civil, a principal suspeita \u00e9 de que o crime tenha sido um acerto de contas ligado ao tr\u00e1fico de drogas. Os criminosos s\u00e3o da cidade de Divin\u00f3polis. Paulo ou &#8220;Grilo&#8221;, como era conhecido era tio de Paulo C\u00e9sar Hon\u00f3rio Gon\u00e7alves, 19 anos, que tamb\u00e9m foi morto a tiros. O crime aconteceu no pasto existente atr\u00e1s da URPA em Agosto do ano passado.<\/p>\n<p>Se voc\u00ea possui alguma informa\u00e7\u00e3o que possa levar a Pol\u00edcia at\u00e9 a pris\u00e3o dos criminosos, comunique atrav\u00e9s do telefone 190. A liga\u00e7\u00e3o poder\u00e1 ser an\u00f4nima.<\/p>\n","protected":false},"excerpt":{"rendered":"<p>Na manh\u00e3 desta quinta-feira (28), foi registrado o 2\u00ba homic\u00eddio de 2015, na cidade de Lavras. Segundo a Pol\u00edcia Militar, atrav\u00e9s de den\u00fancias via 190, os militares foram comunicados de que havia um ve\u00edculo suspeito estacionado na rua Gil de Souza Andrade, Bairro Bela Vista, em Lavras. Os militares foram at\u00e9 o local para apurar, [&hellip;]<\/p>\n","protected":false},"author":7,"featured_media":186886,"comment_status":"closed","ping_status":"closed","sticky":false,"template":"","format":"standard","meta":{"advanced_seo_description":"","jetpack_seo_html_title":"","jetpack_seo_noindex":false,"_jetpack_memberships_contains_paid_content":false,"footnotes":""},"categories":[13077,4,1],"tags":[20354,1128,1127,1364,169,814,593],"class_list":["post-186884","post","type-post","status-publish","format-standard","has-post-thumbnail","hentry","category-laterais-2","category-lavras","category-sem-categoria","tag-2o","tag-ano","tag-homicidio","tag-informacoes","tag-lavras-2","tag-mais","tag-o"],"jetpack_featured_media_url":"https:\/\/i0.wp.com\/www.lavras24horas.com.br\/portal\/wp-content\/uploads\/2015\/01\/paulo-honorio.jpg?fit=458%2C537&ssl=1","jetpack_sharing_enabled":true,"jetpack_likes_enabled":true,"_links":{"self":[{"href":"https:\/\/www.lavras24horas.com.br\/portal\/wp-json\/wp\/v2\/posts\/186884","targetHints":{"allow":["GET"]}}],"collection":[{"href":"https:\/\/www.lavras24horas.com.br\/portal\/wp-json\/wp\/v2\/posts"}],"about":[{"href":"https:\/\/www.lavras24horas.com.br\/portal\/wp-json\/wp\/v2\/types\/post"}],"author":[{"embeddable":true,"href":"https:\/\/www.lavras24horas.com.br\/portal\/wp-json\/wp\/v2\/users\/7"}],"replies":[{"embeddable":true,"href":"https:\/\/www.lavras24horas.com.br\/portal\/wp-json\/wp\/v2\/comments?post=186884"}],"version-history":[{"count":0,"href":"https:\/\/www.lavras24horas.com.br\/portal\/wp-json\/wp\/v2\/posts\/186884\/revisions"}],"wp:featuredmedia":[{"embeddable":true,"href":"https:\/\/www.lavras24horas.com.br\/portal\/wp-json\/wp\/v2\/media\/186886"}],"wp:attachment":[{"href":"https:\/\/www.lavras24horas.com.br\/portal\/wp-json\/wp\/v2\/media?parent=186884"}],"wp:term":[{"taxonomy":"category","embeddable":true,"href":"https:\/\/www.lavras24horas.com.br\/portal\/wp-json\/wp\/v2\/categories?post=186884"},{"taxonomy":"post_tag","embeddable":true,"href":"https:\/\/www.lavras24horas.com.br\/portal\/wp-json\/wp\/v2\/tags?post=186884"}],"curies":[{"name":"wp","href":"https:\/\/api.w.org\/{rel}","templated":true}]}}