{"id":186858,"date":"2015-01-28T08:21:40","date_gmt":"2015-01-28T11:21:40","guid":{"rendered":"http:\/\/www.lavras24horas.com.br\/portal\/?p=186858"},"modified":"2015-01-28T08:27:05","modified_gmt":"2015-01-28T11:27:05","slug":"lavras-registra-o-segundo-homicidio-do-ano-na-manha-desta-quarta-feira-28","status":"publish","type":"post","link":"https:\/\/www.lavras24horas.com.br\/portal\/lavras-registra-o-segundo-homicidio-do-ano-na-manha-desta-quarta-feira-28\/","title":{"rendered":"Lavras registra o segundo homic\u00eddio do ano na manh\u00e3 desta quarta-feira (28)"},"content":{"rendered":"<p>&nbsp;<\/p>\n<p>&nbsp;<\/p>\n<p><strong>\u00a0<\/strong><\/p>\n<figure id=\"attachment_186862\" aria-describedby=\"caption-attachment-186862\" style=\"width: 440px\" class=\"wp-caption aligncenter\"><img data-recalc-dims=\"1\" fetchpriority=\"high\" decoding=\"async\" data-attachment-id=\"186862\" data-permalink=\"https:\/\/www.lavras24horas.com.br\/portal\/lavras-registra-o-segundo-homicidio-do-ano-na-manha-desta-quarta-feira-28\/img-20150128-wa0000\/\" data-orig-file=\"https:\/\/i0.wp.com\/www.lavras24horas.com.br\/portal\/wp-content\/uploads\/2015\/01\/IMG-20150128-WA0000.jpg?fit=1280%2C960&amp;ssl=1\" data-orig-size=\"1280,960\" data-comments-opened=\"0\" data-image-meta=\"{&quot;aperture&quot;:&quot;0&quot;,&quot;credit&quot;:&quot;&quot;,&quot;camera&quot;:&quot;&quot;,&quot;caption&quot;:&quot;&quot;,&quot;created_timestamp&quot;:&quot;0&quot;,&quot;copyright&quot;:&quot;&quot;,&quot;focal_length&quot;:&quot;0&quot;,&quot;iso&quot;:&quot;0&quot;,&quot;shutter_speed&quot;:&quot;0&quot;,&quot;title&quot;:&quot;&quot;,&quot;orientation&quot;:&quot;0&quot;}\" data-image-title=\"IMG-20150128-WA0000\" data-image-description=\"\" data-image-caption=\"&lt;p&gt;Foto leitor Portal Lavras 24 Horas&lt;\/p&gt;\n\" data-large-file=\"https:\/\/i0.wp.com\/www.lavras24horas.com.br\/portal\/wp-content\/uploads\/2015\/01\/IMG-20150128-WA0000.jpg?fit=440%2C330&amp;ssl=1\" class=\"wp-image-186862 size-large\" src=\"https:\/\/i0.wp.com\/www.lavras24horas.com.br\/portal\/wp-content\/uploads\/2015\/01\/IMG-20150128-WA0000-440x330.jpg?resize=440%2C330\" alt=\"Foto leitor Portal Lavras 24 Horas\" width=\"440\" height=\"330\" srcset=\"https:\/\/i0.wp.com\/www.lavras24horas.com.br\/portal\/wp-content\/uploads\/2015\/01\/IMG-20150128-WA0000.jpg?resize=440%2C330&amp;ssl=1 440w, https:\/\/i0.wp.com\/www.lavras24horas.com.br\/portal\/wp-content\/uploads\/2015\/01\/IMG-20150128-WA0000.jpg?w=1280&amp;ssl=1 1280w\" sizes=\"(max-width: 440px) 100vw, 440px\" \/><figcaption id=\"caption-attachment-186862\" class=\"wp-caption-text\">Crime acontece em rua do bairro Bela Vista\/ Foto leitor Portal Lavras 24 Horas<\/figcaption><\/figure>\n<p style=\"text-align: justify;\">Um homem foi assassinado por volta das 6h30 da manh\u00e3 desta quarta-feira, dia 28, no bairro Bela Vista, em Lavras.<\/p>\n<p style=\"text-align: justify;\">Segundo a Pol\u00edcia Militar, o corpo da v\u00edtima, Paulo S\u00e9rgio Honor\u00e1rio, conhecido como Grilo, foi encontrado dentro de uma resid\u00eancia na rua Gil de Souza Andrade, Bairro Bela Vista, com marcas de tiro. Ele \u00e9 ex-presidi\u00e1rio.A per\u00edcia T\u00e9cnica da Pol\u00edcia Civil est\u00e1 no local nesse momento para fazer os trabalho de praxe, bem como a Funer\u00e1ria Carvalho.<\/p>\n<p style=\"text-align: justify;\">A pol\u00edcia chegou ao corpo da v\u00edtima depois de abordar um ve\u00edculo suspeito, que estava parado pr\u00f3ximo a resid\u00eancia. Ao se aproximarem do carro, o ve\u00edculo que saiu em disparada. \u00a0No sistema informatizado o ve\u00edculo figurava com queixa de roubo, oriundo da cidade de Divin\u00f3polis.<\/p>\n<p style=\"text-align: justify;\">Os militares passaram a rastrear os ocupantes do ve\u00edculo, que fugiram pela Rua Agripino Augusto de Andrade, sentido \u00e0 rodovia, ocasi\u00e3o em que tomaram a contram\u00e3o de dire\u00e7\u00e3o, e na tentativa de furar o cerco, acabaram por abalroar uma viatura, sendo um indiv\u00edduo preso no local, portando uma arma de fogo.<\/p>\n<p style=\"text-align: justify;\">Informa\u00e7\u00f5es d\u00e3o conta que os comparsas do autor, um pouco antes da abordagem, haviam tomado uma motocicleta e fugido em dire\u00e7\u00e3o a um matagal. O rastreamento persiste at\u00e9 o presente momento.<\/p>\n<p style=\"text-align: justify;\"><strong>\u00a0<\/strong><\/p>\n","protected":false},"excerpt":{"rendered":"<p>&nbsp; &nbsp; \u00a0 Um homem foi assassinado por volta das 6h30 da manh\u00e3 desta quarta-feira, dia 28, no bairro Bela Vista, em Lavras. Segundo a Pol\u00edcia Militar, o corpo da v\u00edtima, Paulo S\u00e9rgio Honor\u00e1rio, conhecido como Grilo, foi encontrado dentro de uma resid\u00eancia na rua Gil de Souza Andrade, Bairro Bela Vista, com marcas de [&hellip;]<\/p>\n","protected":false},"author":7,"featured_media":186862,"comment_status":"closed","ping_status":"closed","sticky":false,"template":"","format":"standard","meta":{"advanced_seo_description":"","jetpack_seo_html_title":"","jetpack_seo_noindex":false,"_jetpack_memberships_contains_paid_content":false,"footnotes":""},"categories":[13077,4,1],"tags":[1128,4241,1127,169,4502,506,593,1200,738,1178],"class_list":["post-186858","post","type-post","status-publish","format-standard","has-post-thumbnail","hentry","category-laterais-2","category-lavras","category-sem-categoria","tag-ano","tag-desta","tag-homicidio","tag-lavras-2","tag-manha","tag-na","tag-o","tag-quartafeira","tag-registra","tag-segundo"],"jetpack_featured_media_url":"https:\/\/i0.wp.com\/www.lavras24horas.com.br\/portal\/wp-content\/uploads\/2015\/01\/IMG-20150128-WA0000.jpg?fit=1280%2C960&ssl=1","jetpack_sharing_enabled":true,"jetpack_likes_enabled":true,"jetpack_shortlink":"https:\/\/wp.me\/p12djN-MBQ","_links":{"self":[{"href":"https:\/\/www.lavras24horas.com.br\/portal\/wp-json\/wp\/v2\/posts\/186858","targetHints":{"allow":["GET"]}}],"collection":[{"href":"https:\/\/www.lavras24horas.com.br\/portal\/wp-json\/wp\/v2\/posts"}],"about":[{"href":"https:\/\/www.lavras24horas.com.br\/portal\/wp-json\/wp\/v2\/types\/post"}],"author":[{"embeddable":true,"href":"https:\/\/www.lavras24horas.com.br\/portal\/wp-json\/wp\/v2\/users\/7"}],"replies":[{"embeddable":true,"href":"https:\/\/www.lavras24horas.com.br\/portal\/wp-json\/wp\/v2\/comments?post=186858"}],"version-history":[{"count":0,"href":"https:\/\/www.lavras24horas.com.br\/portal\/wp-json\/wp\/v2\/posts\/186858\/revisions"}],"wp:featuredmedia":[{"embeddable":true,"href":"https:\/\/www.lavras24horas.com.br\/portal\/wp-json\/wp\/v2\/media\/186862"}],"wp:attachment":[{"href":"https:\/\/www.lavras24horas.com.br\/portal\/wp-json\/wp\/v2\/media?parent=186858"}],"wp:term":[{"taxonomy":"category","embeddable":true,"href":"https:\/\/www.lavras24horas.com.br\/portal\/wp-json\/wp\/v2\/categories?post=186858"},{"taxonomy":"post_tag","embeddable":true,"href":"https:\/\/www.lavras24horas.com.br\/portal\/wp-json\/wp\/v2\/tags?post=186858"}],"curies":[{"name":"wp","href":"https:\/\/api.w.org\/{rel}","templated":true}]}}