{"id":186739,"date":"2015-01-26T07:15:30","date_gmt":"2015-01-26T10:15:30","guid":{"rendered":"http:\/\/www.lavras24horas.com.br\/portal\/?p=186739"},"modified":"2015-01-26T16:44:41","modified_gmt":"2015-01-26T19:44:41","slug":"regiao-registra-mais-uma-homicidio-o-sexto-na-regiao-do-8o-batalhao-de-policia-militar","status":"publish","type":"post","link":"https:\/\/www.lavras24horas.com.br\/portal\/regiao-registra-mais-uma-homicidio-o-sexto-na-regiao-do-8o-batalhao-de-policia-militar\/","title":{"rendered":"Regi\u00e3o registra mais um homic\u00eddio, o sexto na \u00e1rea do 8\u00ba Batalh\u00e3o de Pol\u00edcia Militar \u00a0\u00a0"},"content":{"rendered":"<p><strong>\u00a0<img data-recalc-dims=\"1\" fetchpriority=\"high\" decoding=\"async\" data-attachment-id=\"186740\" data-permalink=\"https:\/\/www.lavras24horas.com.br\/portal\/regiao-registra-mais-uma-homicidio-o-sexto-na-regiao-do-8o-batalhao-de-policia-militar\/1-1787\/\" data-orig-file=\"https:\/\/i0.wp.com\/www.lavras24horas.com.br\/portal\/wp-content\/uploads\/2015\/01\/144.jpg?fit=1200%2C900&amp;ssl=1\" data-orig-size=\"1200,900\" data-comments-opened=\"0\" data-image-meta=\"{&quot;aperture&quot;:&quot;0&quot;,&quot;credit&quot;:&quot;&quot;,&quot;camera&quot;:&quot;&quot;,&quot;caption&quot;:&quot;&quot;,&quot;created_timestamp&quot;:&quot;0&quot;,&quot;copyright&quot;:&quot;&quot;,&quot;focal_length&quot;:&quot;0&quot;,&quot;iso&quot;:&quot;0&quot;,&quot;shutter_speed&quot;:&quot;0&quot;,&quot;title&quot;:&quot;&quot;,&quot;orientation&quot;:&quot;0&quot;}\" data-image-title=\"1\" data-image-description=\"\" data-image-caption=\"\" data-large-file=\"https:\/\/i0.wp.com\/www.lavras24horas.com.br\/portal\/wp-content\/uploads\/2015\/01\/144.jpg?fit=439%2C330&amp;ssl=1\" class=\"aligncenter wp-image-186740 size-large\" src=\"https:\/\/i0.wp.com\/www.lavras24horas.com.br\/portal\/wp-content\/uploads\/2015\/01\/144-439x330.jpg?resize=439%2C330\" alt=\"1\" width=\"439\" height=\"330\" srcset=\"https:\/\/i0.wp.com\/www.lavras24horas.com.br\/portal\/wp-content\/uploads\/2015\/01\/144.jpg?resize=439%2C330&amp;ssl=1 439w, https:\/\/i0.wp.com\/www.lavras24horas.com.br\/portal\/wp-content\/uploads\/2015\/01\/144.jpg?w=1200&amp;ssl=1 1200w\" sizes=\"(max-width: 439px) 100vw, 439px\" \/><\/strong><\/p>\n<p style=\"text-align: justify;\">A regi\u00e3o atendida pelo 8\u00ba Batalh\u00e3o de Pol\u00edcia Militar de Lavras registrou mais um homic\u00eddio neste domingo (25). O crime aconteceu em Santo Antonio do Amparo.<\/p>\n<p style=\"text-align: justify;\">Um jovem de 16 anos foi encontrado morto com um tiro pr\u00f3ximo a um local onde era realizado uma festa de  pr\u00e9-carnaval. Ap\u00f3s denuncia, a PM compareceu ao local conhecido como povoado dos &#8220;Fagundes&#8221;, onde se deparou com o corpo de um jovem ca\u00eddo no quintal de um Posto de Sa\u00fade da Fam\u00edlia (PSF) daquela localidade. A per\u00edcia t\u00e9cnica foi acionada, comparecendo no local. <\/p>\n<p>Segundo testemunhas contaram aos policiais, por volta de 01h50,  o menor teria discutido com outros rapazes, os tr\u00eas suspeitos entraram em um gol, de cor vermelha, com placas da cidade de Santana do Jacar\u00e9 e sa\u00edram do local. <\/p>\n<p>Durante a realiza\u00e7\u00e3o da per\u00edcia, ao retirar a roupa da v\u00edtima e vir\u00e1-la, foi poss\u00edvel verificar um pequeno furo no ombro direito do cad\u00e1ver, o que significa que o proj\u00e9til pode ter atingido \u00f3rg\u00e3os vitais.<\/p>\n<p>De acordo com a PM, o menor tinha passagens por envolvimento com tr\u00e1fico de drogas, ele havia sido apreendido no \u00faltimo dia dia 23 de dezembro.<\/p>\n<p>Com este crime, s\u00e3o seis homic\u00eddios registrados pelo 8\u00ba BPM apenas no m\u00eas de janeiro deste ano, sendo um em Lavras, um em Carmo da Mata, dois no Ros\u00e1rio, um em Campo Belo e esse em Santo Antonio do Amparo.<\/p>\n","protected":false},"excerpt":{"rendered":"<p>\u00a0 A regi\u00e3o atendida pelo 8\u00ba Batalh\u00e3o de Pol\u00edcia Militar de Lavras registrou mais um homic\u00eddio neste domingo (25). O crime aconteceu em Santo Antonio do Amparo. Um jovem de 16 anos foi encontrado morto com um tiro pr\u00f3ximo a um local onde era realizado uma festa de pr\u00e9-carnaval. Ap\u00f3s denuncia, a PM compareceu ao [&hellip;]<\/p>\n","protected":false},"author":7,"featured_media":186740,"comment_status":"closed","ping_status":"closed","sticky":false,"template":"","format":"standard","meta":{"advanced_seo_description":"","jetpack_seo_html_title":"","jetpack_seo_noindex":false,"_jetpack_memberships_contains_paid_content":false,"footnotes":""},"categories":[13],"tags":[9983,747,1127,814,649,506,593,180,632,738,7519],"class_list":["post-186739","post","type-post","status-publish","format-standard","has-post-thumbnail","hentry","category-laterais-1","tag-8o","tag-batalhao","tag-homicidio","tag-mais","tag-militar","tag-na","tag-o","tag-policia","tag-regiao-2","tag-registra","tag-sexto"],"jetpack_featured_media_url":"https:\/\/i0.wp.com\/www.lavras24horas.com.br\/portal\/wp-content\/uploads\/2015\/01\/144.jpg?fit=1200%2C900&ssl=1","jetpack_sharing_enabled":true,"jetpack_likes_enabled":true,"_links":{"self":[{"href":"https:\/\/www.lavras24horas.com.br\/portal\/wp-json\/wp\/v2\/posts\/186739","targetHints":{"allow":["GET"]}}],"collection":[{"href":"https:\/\/www.lavras24horas.com.br\/portal\/wp-json\/wp\/v2\/posts"}],"about":[{"href":"https:\/\/www.lavras24horas.com.br\/portal\/wp-json\/wp\/v2\/types\/post"}],"author":[{"embeddable":true,"href":"https:\/\/www.lavras24horas.com.br\/portal\/wp-json\/wp\/v2\/users\/7"}],"replies":[{"embeddable":true,"href":"https:\/\/www.lavras24horas.com.br\/portal\/wp-json\/wp\/v2\/comments?post=186739"}],"version-history":[{"count":0,"href":"https:\/\/www.lavras24horas.com.br\/portal\/wp-json\/wp\/v2\/posts\/186739\/revisions"}],"wp:featuredmedia":[{"embeddable":true,"href":"https:\/\/www.lavras24horas.com.br\/portal\/wp-json\/wp\/v2\/media\/186740"}],"wp:attachment":[{"href":"https:\/\/www.lavras24horas.com.br\/portal\/wp-json\/wp\/v2\/media?parent=186739"}],"wp:term":[{"taxonomy":"category","embeddable":true,"href":"https:\/\/www.lavras24horas.com.br\/portal\/wp-json\/wp\/v2\/categories?post=186739"},{"taxonomy":"post_tag","embeddable":true,"href":"https:\/\/www.lavras24horas.com.br\/portal\/wp-json\/wp\/v2\/tags?post=186739"}],"curies":[{"name":"wp","href":"https:\/\/api.w.org\/{rel}","templated":true}]}}