{"id":186496,"date":"2015-01-18T23:09:51","date_gmt":"2015-01-19T02:09:51","guid":{"rendered":"http:\/\/www.lavras24horas.com.br\/portal\/?p=186496"},"modified":"2015-01-19T05:04:16","modified_gmt":"2015-01-19T08:04:16","slug":"policia-civil-de-lavras-conclui-inquerito-sobre-duplo-homicidio-ocorrido-no-rosario","status":"publish","type":"post","link":"https:\/\/www.lavras24horas.com.br\/portal\/policia-civil-de-lavras-conclui-inquerito-sobre-duplo-homicidio-ocorrido-no-rosario\/","title":{"rendered":"Pol\u00edcia Civil de Lavras conclui inqu\u00e9rito sobre duplo homic\u00eddio ocorrido no  Ros\u00e1rio"},"content":{"rendered":"<figure id=\"attachment_186497\" aria-describedby=\"caption-attachment-186497\" style=\"width: 586px\" class=\"wp-caption aligncenter\"><a href=\"https:\/\/i0.wp.com\/www.lavras24horas.com.br\/portal\/wp-content\/uploads\/2015\/01\/jaison.jpg\"><img data-recalc-dims=\"1\" fetchpriority=\"high\" decoding=\"async\" data-attachment-id=\"186497\" data-permalink=\"https:\/\/www.lavras24horas.com.br\/portal\/policia-civil-de-lavras-conclui-inquerito-sobre-duplo-homicidio-ocorrido-no-rosario\/jaison\/\" data-orig-file=\"https:\/\/i0.wp.com\/www.lavras24horas.com.br\/portal\/wp-content\/uploads\/2015\/01\/jaison.jpg?fit=960%2C540&amp;ssl=1\" data-orig-size=\"960,540\" data-comments-opened=\"0\" data-image-meta=\"{&quot;aperture&quot;:&quot;0&quot;,&quot;credit&quot;:&quot;&quot;,&quot;camera&quot;:&quot;&quot;,&quot;caption&quot;:&quot;&quot;,&quot;created_timestamp&quot;:&quot;0&quot;,&quot;copyright&quot;:&quot;&quot;,&quot;focal_length&quot;:&quot;0&quot;,&quot;iso&quot;:&quot;0&quot;,&quot;shutter_speed&quot;:&quot;0&quot;,&quot;title&quot;:&quot;&quot;,&quot;orientation&quot;:&quot;0&quot;}\" data-image-title=\"jaison\" data-image-description=\"\" data-image-caption=\"&lt;p&gt;Delegado Dr. Jaison Stangherlin &lt;\/p&gt;\n&lt;p&gt;Foto: Karina Mascarenhas&lt;\/p&gt;\n\" data-large-file=\"https:\/\/i0.wp.com\/www.lavras24horas.com.br\/portal\/wp-content\/uploads\/2015\/01\/jaison.jpg?fit=586%2C330&amp;ssl=1\" class=\"size-large wp-image-186497\" src=\"https:\/\/i0.wp.com\/www.lavras24horas.com.br\/portal\/wp-content\/uploads\/2015\/01\/jaison-586x330.jpg?resize=586%2C330\" alt=\"Delegado de homic\u00eddios Jaison Stangherlin  Foto: Karina Mascarenhas\" width=\"586\" height=\"330\" srcset=\"https:\/\/i0.wp.com\/www.lavras24horas.com.br\/portal\/wp-content\/uploads\/2015\/01\/jaison.jpg?resize=586%2C330&amp;ssl=1 586w, https:\/\/i0.wp.com\/www.lavras24horas.com.br\/portal\/wp-content\/uploads\/2015\/01\/jaison.jpg?w=960&amp;ssl=1 960w\" sizes=\"(max-width: 586px) 100vw, 586px\" \/><\/a><figcaption id=\"caption-attachment-186497\" class=\"wp-caption-text\">Delegado de homic\u00eddios Jaison Stangherlin<br \/>Foto: Karina Mascarenhas<\/figcaption><\/figure>\n<p>A Pol\u00edcia Civil de Lavras concluiu menos de 24 horas ap\u00f3s o crime, quem foi o assassino de Ad\u00e3o El\u00edcio da Costa de 30 anos, e do adolescente de 17 anos, que morreram na madrugada deste domingo (18), na comunidade do Ros\u00e1rio, distrito de Itumirim.<\/p>\n<p>De acordo com as investiga\u00e7\u00f5es, uma briga teria come\u00e7ado dentro de um local onde acontecia um pr\u00e9-carnaval. Dois grupos rivais haviam se desentendido e come\u00e7ou uma briga generalizada. Com a chegada da Pol\u00edcia Militar, os autores teriam fugido.<\/p>\n<p>Na Avenida Dom Inoc\u00eancio, pr\u00f3ximo a uma igreja ali existente, h\u00e1 cerca de 400 metros do local do evento, o suspeito Dion\u00edsio, de 22 anos , agrediu com uma faca Ad\u00e3o que era do grupo rival. O adolescente que era amigo do agressor acabou sendo atingido acidentalmente por um dos golpes na coxa, a facada perfurou uma das art\u00e9rias, causando intenso sangramento e hemorragia. J\u00e1 Ad\u00e3o foi atingido por cinco golpes de faca, na regi\u00e3o do t\u00f3rax e da virilha. A faca usada no crime foi localizada na grama pr\u00f3xima aonde Ad\u00e3o teria ca\u00eddo ap\u00f3s ser atingido.<\/p>\n<p>As duas v\u00edtimas foram socorridas at\u00e9 a Unidade Regional de Pronto Atendimento de Lavras (URPA), por\u00e9m n\u00e3o resistiram aos ferimentos e morreram.<br \/>\nDe imediato, a Pol\u00edcia Militar em intenso rastreamento identificou cerca de dez suspeitos de terem participado da confus\u00e3o e os conduziu at\u00e9 a 1\u00aa Delegacia Regional de Pol\u00edcia Civil de Lavras. O delegado de Plant\u00e3o neste domingo, era justamente o delegado de homic\u00eddios, Dr.Jaison Stangherlin.<\/p>\n<p>Segundo o Delegado, al\u00e9m dos suspeitos, ele ouviu todos os envolvidos no fato, como pessoas que estiveram presentes no evento, que serviram de testemunhas. A mulher de Ad\u00e3o que estava com ele no momento em que ocorreu o homic\u00eddio, tamb\u00e9m prestou depoimento e identificou o suspeito de ter matado seu marido.<\/p>\n<p>A per\u00edcia criminal esteve no local do duplo homic\u00eddio e l\u00e1 foi constatado que as duas v\u00edtimas foram atingidas no mesmo lugar. Por\u00e9m ap\u00f3s os golpes elas teriam caminhado em sentidos diferentes at\u00e9 ca\u00edrem no solo.<\/p>\n<p>O autor dos assassinatos foi preso pela PM e conduzido at\u00e9 delegacia. De acordo com o delegado, ele ser\u00e1 indiciado pelos crimes de Homic\u00eddio Qualificado Doloso e Culposo (ou seja qualificado pela morte de Ad\u00e3o que ele teve a inten\u00e7\u00e3o de matar, e culposo pela morte do menor) e rixa qualificada com resultado morte.<\/p>\n<p>&#8221; Para a confirma\u00e7\u00e3o de tais hip\u00f3teses, foi colhido materiais gen\u00e9ticos de ambas as v\u00edtimas e a seguir juntamente com a arma do crime, elas ser\u00e3o encaminhados para o Instituto de Criminal\u00edstica de Belo Horizonte, onde ser\u00e1 verificado na faca se existe o material gen\u00e9tico de ambas as v\u00edtimas&#8221;- ressaltou o delegado.<\/p>\n<p>Os demais envolvidos na briga, tamb\u00e9m responder\u00e3o ao crime de rixa qualificada e dever\u00e3o se apresentar ao delegado de Itumirim para onde segue o caso agora.<\/p>\n","protected":false},"excerpt":{"rendered":"<p>A Pol\u00edcia Civil de Lavras concluiu menos de 24 horas ap\u00f3s o crime, quem foi o assassino de Ad\u00e3o El\u00edcio da Costa de 30 anos, e do adolescente de 17 anos, que morreram na madrugada deste domingo (18), na comunidade do Ros\u00e1rio, distrito de Itumirim. De acordo com as investiga\u00e7\u00f5es, uma briga teria come\u00e7ado dentro [&hellip;]<\/p>\n","protected":false},"author":7,"featured_media":186497,"comment_status":"closed","ping_status":"closed","sticky":false,"template":"","format":"standard","meta":{"advanced_seo_description":"","jetpack_seo_html_title":"","jetpack_seo_noindex":false,"_jetpack_memberships_contains_paid_content":false,"footnotes":""},"categories":[13077],"tags":[938,7546,9229,1127,3154,169,543,6270,180,4853],"class_list":["post-186496","post","type-post","status-publish","format-standard","has-post-thumbnail","hentry","category-laterais-2","tag-civil","tag-conclui","tag-duplo","tag-homicidio","tag-inquerito","tag-lavras-2","tag-no","tag-ocorrido","tag-policia","tag-rosario"],"jetpack_featured_media_url":"https:\/\/i0.wp.com\/www.lavras24horas.com.br\/portal\/wp-content\/uploads\/2015\/01\/jaison.jpg?fit=960%2C540&ssl=1","jetpack_sharing_enabled":true,"jetpack_likes_enabled":true,"_links":{"self":[{"href":"https:\/\/www.lavras24horas.com.br\/portal\/wp-json\/wp\/v2\/posts\/186496","targetHints":{"allow":["GET"]}}],"collection":[{"href":"https:\/\/www.lavras24horas.com.br\/portal\/wp-json\/wp\/v2\/posts"}],"about":[{"href":"https:\/\/www.lavras24horas.com.br\/portal\/wp-json\/wp\/v2\/types\/post"}],"author":[{"embeddable":true,"href":"https:\/\/www.lavras24horas.com.br\/portal\/wp-json\/wp\/v2\/users\/7"}],"replies":[{"embeddable":true,"href":"https:\/\/www.lavras24horas.com.br\/portal\/wp-json\/wp\/v2\/comments?post=186496"}],"version-history":[{"count":0,"href":"https:\/\/www.lavras24horas.com.br\/portal\/wp-json\/wp\/v2\/posts\/186496\/revisions"}],"wp:featuredmedia":[{"embeddable":true,"href":"https:\/\/www.lavras24horas.com.br\/portal\/wp-json\/wp\/v2\/media\/186497"}],"wp:attachment":[{"href":"https:\/\/www.lavras24horas.com.br\/portal\/wp-json\/wp\/v2\/media?parent=186496"}],"wp:term":[{"taxonomy":"category","embeddable":true,"href":"https:\/\/www.lavras24horas.com.br\/portal\/wp-json\/wp\/v2\/categories?post=186496"},{"taxonomy":"post_tag","embeddable":true,"href":"https:\/\/www.lavras24horas.com.br\/portal\/wp-json\/wp\/v2\/tags?post=186496"}],"curies":[{"name":"wp","href":"https:\/\/api.w.org\/{rel}","templated":true}]}}